{"id":2767,"date":"2024-09-11T16:42:19","date_gmt":"2024-09-11T14:42:19","guid":{"rendered":"https:\/\/roadtales.de\/?p=2767"},"modified":"2026-07-12T17:01:24","modified_gmt":"2026-07-12T15:01:24","slug":"faltbare-solartasche-camper-erfahrung","status":"publish","type":"post","link":"https:\/\/roadtales.de\/en\/faltbare-solartasche-camper-erfahrung","title":{"rendered":"Foldable solar panel for the camper: Our experiences, pros &amp; cons"},"content":{"rendered":"\n<p class=\"wp-block-paragraph\">Wenn du regelm\u00e4\u00dfig mit dem Wohnmobil unterwegs bist und manchmal auch l\u00e4nger freistehst, hast du sicher schon festgestellt, wie wichtig eine zuverl\u00e4ssige Energiequelle ist. Doch was tun, wenn der Platz auf dem Dach nicht ausreicht oder du flexibel bleiben willst? Wir haben uns aus genau diesem Grund eine faltbare Solartasche angeschafft. Die Anschaffung einer faltbaren Solartasche ist zwar keine g\u00fcnstige Entscheidung, aber sie kann sich auf lange Sicht als \u00e4u\u00dferst n\u00fctzlich erweisen. Vor unserer Reise haben wir die Vor- und Nachteile sorgf\u00e4ltig abgewogen. Nach 8 Monaten intensiver Nutzung auf unserer Vollzeitreise k\u00f6nnen wir sagen, dass wir die Investition keineswegs bereuen.<\/p>\n\n\n\n<p class=\"wp-block-paragraph\">Eine faltbare Solartasche ist die ideale L\u00f6sung f\u00fcr Camper, die Flexibilit\u00e4t und Leistung vereinen m\u00f6chten. Erfahre in unserem Erfahrungsbericht alles, was du \u00fcber Vor- und Nachteile, Installation und Nutzung wissen musst.<\/p>\n\n\n<style>.wp-block-kadence-advancedheading.kt-adv-heading2767_209a67-e6, .wp-block-kadence-advancedheading.kt-adv-heading2767_209a67-e6[data-kb-block=\"kb-adv-heading2767_209a67-e6\"]{font-size:12px;font-style:normal;}.wp-block-kadence-advancedheading.kt-adv-heading2767_209a67-e6 mark.kt-highlight, .wp-block-kadence-advancedheading.kt-adv-heading2767_209a67-e6[data-kb-block=\"kb-adv-heading2767_209a67-e6\"] mark.kt-highlight{font-style:normal;color:#f76a0c;-webkit-box-decoration-break:clone;box-decoration-break:clone;padding-top:0px;padding-right:0px;padding-bottom:0px;padding-left:0px;}.wp-block-kadence-advancedheading.kt-adv-heading2767_209a67-e6 img.kb-inline-image, .wp-block-kadence-advancedheading.kt-adv-heading2767_209a67-e6[data-kb-block=\"kb-adv-heading2767_209a67-e6\"] img.kb-inline-image{width:150px;vertical-align:baseline;}<\/style>\n<p class=\"kt-adv-heading2767_209a67-e6 wp-block-kadence-advancedheading\" data-kb-block=\"kb-adv-heading2767_209a67-e6\">Hinweis: Die mit einem * markierten Links sind Affiliate-Links. Wenn du \u00fcber diesen Link etwas kaufst, erhalten wir eine kleine Provision. F\u00fcr dich bleibt der Preis gleich.<\/p>\n\n\n\n<figure class=\"wp-block-image size-large\"><img loading=\"lazy\" decoding=\"async\" width=\"1024\" height=\"683\" src=\"https:\/\/roadtales.de\/wp-content\/uploads\/2024\/09\/Faltbares-Solarmodul-Camper-1024x683.jpg\" alt=\"Faltbares Solarmodul Camper\" class=\"wp-image-2776\" srcset=\"https:\/\/roadtales.de\/wp-content\/uploads\/2024\/09\/Faltbares-Solarmodul-Camper-1024x683.jpg 1024w, https:\/\/roadtales.de\/wp-content\/uploads\/2024\/09\/Faltbares-Solarmodul-Camper-300x200.jpg 300w, https:\/\/roadtales.de\/wp-content\/uploads\/2024\/09\/Faltbares-Solarmodul-Camper-768x512.jpg 768w, https:\/\/roadtales.de\/wp-content\/uploads\/2024\/09\/Faltbares-Solarmodul-Camper-1536x1024.jpg 1536w, https:\/\/roadtales.de\/wp-content\/uploads\/2024\/09\/Faltbares-Solarmodul-Camper-18x12.jpg 18w, https:\/\/roadtales.de\/wp-content\/uploads\/2024\/09\/Faltbares-Solarmodul-Camper-175x117.jpg 175w, https:\/\/roadtales.de\/wp-content\/uploads\/2024\/09\/Faltbares-Solarmodul-Camper-450x300.jpg 450w, https:\/\/roadtales.de\/wp-content\/uploads\/2024\/09\/Faltbares-Solarmodul-Camper-1170x780.jpg 1170w, https:\/\/roadtales.de\/wp-content\/uploads\/2024\/09\/Faltbares-Solarmodul-Camper-270x180.jpg 270w, https:\/\/roadtales.de\/wp-content\/uploads\/2024\/09\/Faltbares-Solarmodul-Camper.jpg 1546w\" sizes=\"auto, (max-width: 1024px) 100vw, 1024px\" \/><\/figure>\n\n\n<style>.kb-table-of-content-nav.kb-table-of-content-id2767_ed7b00-62 .kb-table-of-content-wrap{padding-top:var(--global-kb-spacing-sm, 1.5rem);padding-right:var(--global-kb-spacing-sm, 1.5rem);padding-bottom:var(--global-kb-spacing-sm, 1.5rem);padding-left:var(--global-kb-spacing-sm, 1.5rem);}.kb-table-of-content-nav.kb-table-of-content-id2767_ed7b00-62 .kb-table-of-contents-title-wrap{padding-top:0px;padding-right:0px;padding-bottom:0px;padding-left:0px;}.kb-table-of-content-nav.kb-table-of-content-id2767_ed7b00-62 .kb-table-of-contents-title{font-weight:regular;font-style:normal;}.kb-table-of-content-nav.kb-table-of-content-id2767_ed7b00-62 .kb-table-of-content-wrap .kb-table-of-content-list{font-weight:regular;font-style:normal;margin-top:var(--global-kb-spacing-sm, 1.5rem);margin-right:0px;margin-bottom:0px;margin-left:0px;}<\/style>\n\n\n<h2 class=\"wp-block-heading\">Was ist eine faltbare Solartasche?<\/h2>\n\n\n\n<p class=\"wp-block-paragraph\">Eine faltbare Solartasche* beziehungsweise ein faltbares Solarmodul besteht aus mehreren leichten Solarpanelen, die f\u00fcr den Gebrauch auseinandergefaltet werden und zur Sonne ausgerichtet werden. Nach der Nutzung wird sie wieder zusammengefaltet und im Fahrzeug verstaut. Solartaschen gibt es in verschiedenen Gr\u00f6\u00dfen und Wattst\u00e4rken, \u00e4hnlich wie feste Solarmodule.<\/p>\n\n\n\n<h2 class=\"wp-block-heading\">Was sind die Vor- und Nachteile einer faltbaren Solartasche?<\/h2>\n\n\n\n<figure class=\"wp-block-table\"><table class=\"has-fixed-layout\"><tbody><tr><td><strong>Vorteile eines faltbaren Solarmoduls<\/strong><\/td><td><strong>Nachteile eines faltbaren Solarmoduls<\/strong><\/td><\/tr><tr><td>+ <strong>Keine Montage<\/strong> erforderlich, die Module sind einfach aufzubauen.<\/td><td>&#8211; <strong>H\u00f6herer Preis<\/strong> im Vergleich zu festinstallierbaren Modulen.<\/td><\/tr><tr><td>+&nbsp; Kann <strong>nach dem Sonnenstand ausgerichtet<\/strong> werden, was einen h\u00f6heren Ertrag morgens und abends erm\u00f6glicht.<\/td><td>&#8211; <strong>Ben\u00f6tigt Stauraum im Innenraum<\/strong> des Campers.<\/td><\/tr><tr><td>+ <strong>Spart Platz auf dem Camperdach<\/strong>, was besonders bei kleineren Fahrzeugen oft entscheidend ist.<\/td><td>&#8211; Muss vor Nutzung <strong>aufgebaut werden<\/strong>, was Zeit kostet.<\/td><\/tr><tr><td>+ <strong>Keine Bohrungen ins Dach<\/strong> erforderlich.<\/td><td>&#8211; Erh\u00f6hte <strong>Diebstahlgefahr<\/strong>, wenn das Modul drau\u00dfen steht.<\/td><\/tr><tr><td>&nbsp;<\/td><td>&#8211; <strong>Windanf\u00e4llig<\/strong>; kann oft nur flach auf dem Boden platziert werden.<\/td><\/tr><tr><td>&nbsp;<\/td><td>&#8211; <strong>Nicht wasserdicht<\/strong>, halten maximal einen Schauer aus, muss bei Regen ins Fahrzeug gebracht werden (abh\u00e4ngig vom Modul).<\/td><\/tr><\/tbody><\/table><\/figure>\n\n\n\n<h2 class=\"wp-block-heading\">Anschluss der faltbaren Solartasche<\/h2>\n\n\n\n<p class=\"wp-block-paragraph\">Der Anschluss eines faltbaren Solarmoduls* ist unkompliziert. Neben dem Modul ben\u00f6tigst du noch einen geeigneten Laderegler, um die Batterie optimal zu laden. Achte darauf, dass der Regler sowohl zu deinem Modul als auch zu deinem Batterietyp passt. Wir empfehlen die Verwendung eines MPPT-Reglers, da dieser effizienter arbeitet als ein PWM-Regler und die Batterie schneller und effektiver aufl\u00e4dt. Wir nutzen den Victron Smartsolar 100\/20 f\u00fcr unser faltbares Solarmodul. Welcher Regler f\u00fcr dein Modul passt, kannst du mit Hilfe des <a href=\"https:\/\/www.victronenergy.de\/mppt-calculator?_gl=1*3u8quz*_gcl_au*OTg0Mjc2OTY3LjE3MjM2NDM3MDk.*_ga*MTE5MTA3NTk4Ny4xNzIzNjQzNzA5*_ga_DJ77WRHRHP*MTcyMzY0MzcwOS4xLjAuMTcyMzY0MzcwOS4wLjAuMA\" target=\"_blank\" rel=\"noreferrer noopener\">MPPT Gr\u00f6\u00dfenrechners<\/a> berechnen. Beim Anschluss des Ladereglers m\u00fcssen jeweils Plus- und Minuskabel zur Batterie verlegt werden. Der Regler sollte sich m\u00f6glichst nah an der Batterie befinden, um Spannungsverluste zu vermeiden. Der Anschluss an die Solartasche erfolgt \u00fcber Anderson-Stecker, die eine sichere und einfache Verbindung erm\u00f6glichen.<\/p>\n\n\n\n<h2 class=\"wp-block-heading\">Unsere faltbare Solartasche<\/h2>\n\n\n\n<p class=\"wp-block-paragraph\">Wir haben uns f\u00fcr das FSP-2 225W Ultra faltbares Solarmodul* von Offgridtec entschieden. Dieses verbindet f\u00fcr uns das Optimum aus Leistung (24 % Wirkungsgrad, 225 Watt) und Gr\u00f6\u00dfe. Bei diesem Panel ist bereits ein Kabel mit Andersonstecker im Lieferumfang enthalten. Das Kabel ist 6 Meter lang und damit lang genug, um das Modul nach Sonnenstand flexibel ausrichten zu k\u00f6nnen. Zudem wurde ein zweites 0,5 m Verbindungskabel mitgeliefert, dass direkt am Solareingang des Ladereglers verschraubt werden muss, und auf der anderen Seite ebenfalls mit einem Anderson Stecker ausgestattet ist. Durch die Andersson Steckverbindung, l\u00e4sst sich das Modul jeder Zeit unkompliziert anschlie\u00dfen. In 2 Minuten ist unsere Modul aufgebaut und angeschlossen.<\/p>\n\n\n\n<p class=\"wp-block-paragraph\">F\u00fcr die Verbindung des Laderreglers mit der Batterie lag ebenfalls ein 1 Meter langes Kabel bei, welches auf Batterieseite mit  Krokodilklemmen ausgestattet war. Diese passen an die g\u00e4ngigsten Batterieterminals. Das Batteriekabel kam zudem mit einer Flachsicherung mit entsprechender ATO Sicherung.<\/p>\n\n\n\n<p class=\"wp-block-paragraph\"><strong>Wichtiger Hinweis:<\/strong>&nbsp;Beim Anschluss der Leitungen an den Laderegler sollte das Solarmodul nicht bereits an die Leitung angeschlossen sein, w\u00e4hrend es gleichzeitig in der Sonne steht und Strom produziert. Dies k\u00f6nnte zu Sch\u00e4den f\u00fchren.<\/p>\n\n\n\n<h2 class=\"wp-block-heading\">Zwei Laderegler f\u00fcr eine Batterie?<\/h2>\n\n\n\n<p class=\"wp-block-paragraph\">Wenn du festinstallierte Solarmodule und ein zus\u00e4tzliches faltbares Modul gleichzeitig betreiben m\u00f6chtest, ist der Einsatz von zwei Ladereglern* die einfachste L\u00f6sung. Im Gegensatz zu mehreren festinstallierten Modulen, die in Reihe oder parallel geschaltet werden, macht es bei einem flexiblen Modul Sinn, dieses unabh\u00e4ngig zu steuern. Zwei Laderegler verhindern Leistungsverluste und ineffizientes Laden. Beide Regler k\u00f6nnen \u00fcber die Victron-App in einem virtuellen Netzwerk miteinander kommunizieren. Dies erm\u00f6glicht es, die Ladeprozesse zu optimieren und sicherzustellen, dass die Batterie immer auf die bestm\u00f6gliche Weise geladen wird, basierend auf den jeweiligen Bedingungen der Solarmodule. Wir haben bei uns den Victron Smartsolar MPPT 75\/15* f\u00fcr die festverbauten Module und den Victron Smartsolar 100\/20* f\u00fcr das faltbare Modul verbaut. Weitere Informationen findest du in in unserem Artikel <a href=\"https:\/\/roadtales.de\/solaranlage-im-camper-schritt-fur-schritt-zu-deiner-eigenen-solarstrom-losung\" target=\"_blank\" rel=\"noreferrer noopener\">Solaranlage im Camper<\/a>.<\/p>\n\n\n\n<h2 class=\"wp-block-heading\">Fazit: Lohnt sich die Anschaffung einer faltbaren Solartasche?<\/h2>\n\n\n\n<p class=\"wp-block-paragraph\">F\u00fcr uns lautet die Antwort eindeutig Ja. Da wir unterwegs arbeiten und an bestimmten Tagen 2 Laptops und Starlink nutzen m\u00fcssen, reicht der begrenzte Platz auf dem Dach nicht aus, um gen\u00fcgend Solarenergie zu sammeln. Dank des zus\u00e4tzlichen faltbaren Moduls* k\u00f6nnen wir unsere Batterie jedoch ausreichend aufladen, ohne zwischen den Arbeitstagen auf das Fahren angewiesen zu sein.<\/p>\n\n\n\n<div class=\"wp-block-jetpack-related-posts\">\n<h2 class=\"wp-block-heading\">Diese Artikel k\u00f6nnten dich auch noch interessieren<\/h2>\n<\/div>\n\n\n\n<p class=\"wp-block-paragraph\"><\/p>\n","protected":false},"excerpt":{"rendered":"<p>If you regularly travel with your motorhome and sometimes stay off-grid for longer periods, you have certainly already realized how important a reliable energy source is. But what do you do when the space on the roof is not enough or you want to stay flexible? We purchased a foldable solar bag for exactly this reason. The purchase of a foldable<\/p>","protected":false},"author":1,"featured_media":2776,"comment_status":"open","ping_status":"open","sticky":false,"template":"","format":"standard","meta":{"slim_seo":{"title":"Folding solar bag for campers \u2013 experiences and tips","description":"A foldable solar bag has advantages and disadvantages. In our experience report, we share tips and show whether the purchase is worth it."},"_jetpack_newsletter_access":"","_jetpack_dont_email_post_to_subs":false,"_jetpack_newsletter_tier_id":0,"_jetpack_memberships_contains_paywalled_content":false,"_jetpack_feature_clip_id":0,"_jetpack_memberships_contains_paid_content":false,"_slim_seo_primary_term_category":0,"_slim_seo_primary_term_post_tag":0,"footnotes":"","jetpack_post_was_ever_published":false},"categories":[61],"tags":[136,71,330],"class_list":["post-2767","post","type-post","status-publish","format-standard","has-post-thumbnail","category-camper","tag-offgridtec","tag-offroadcamper","tag-solar-elektrik"],"yoast_head":"<!-- This site is optimized with the Yoast SEO plugin v28.4 - https:\/\/yoast.com\/product\/yoast-seo-wordpress\/ -->\n<title>Faltbare Solartasche f\u00fcr Camper \u2013 Erfahrungen und Tipps<\/title>\n<meta name=\"description\" content=\"Eine faltbare Solartasche hat Vor-und Nachteile. In unserem Erfahrungsbericht teilen wir Tipps und zeigen, ob sich die Anschaffung lohnt.\" \/>\n<meta name=\"robots\" content=\"index, follow, max-snippet:-1, max-image-preview:large, max-video-preview:-1\" \/>\n<link rel=\"canonical\" href=\"https:\/\/roadtales.de\/en\/faltbare-solartasche-camper-erfahrung\/\" \/>\n<meta property=\"og:locale\" content=\"en_GB\" \/>\n<meta property=\"og:type\" content=\"article\" \/>\n<meta property=\"og:title\" content=\"Faltbare Solartasche f\u00fcr Camper \u2013 Erfahrungen und Tipps\" \/>\n<meta property=\"og:description\" content=\"Eine faltbare Solartasche hat Vor-und Nachteile. In unserem Erfahrungsbericht teilen wir Tipps und zeigen, ob sich die Anschaffung lohnt.\" \/>\n<meta property=\"og:url\" content=\"https:\/\/roadtales.de\/en\/faltbare-solartasche-camper-erfahrung\/\" \/>\n<meta property=\"og:site_name\" content=\"Roadtales\" \/>\n<meta property=\"article:published_time\" content=\"2024-09-11T14:42:19+00:00\" \/>\n<meta property=\"article:modified_time\" content=\"2026-07-12T15:01:24+00:00\" \/>\n<meta property=\"og:image\" content=\"https:\/\/roadtales.de\/wp-content\/uploads\/2024\/09\/Faltbares-Solarmodul-Camper.jpg\" \/>\n\t<meta property=\"og:image:width\" content=\"1546\" \/>\n\t<meta property=\"og:image:height\" content=\"1031\" \/>\n\t<meta property=\"og:image:type\" content=\"image\/jpeg\" \/>\n<meta name=\"author\" content=\"Sarah\" \/>\n<meta name=\"twitter:card\" content=\"summary_large_image\" \/>\n<meta name=\"twitter:label1\" content=\"Written by\" \/>\n\t<meta name=\"twitter:data1\" content=\"Sarah\" \/>\n\t<meta name=\"twitter:label2\" content=\"Estimated reading time\" \/>\n\t<meta name=\"twitter:data2\" content=\"6 minutes\" \/>\n<script type=\"application\/ld+json\" class=\"yoast-schema-graph\">{\"@context\":\"https:\\\/\\\/schema.org\",\"@graph\":[{\"@type\":\"Article\",\"@id\":\"https:\\\/\\\/roadtales.de\\\/faltbare-solartasche-camper-erfahrung#article\",\"isPartOf\":{\"@id\":\"https:\\\/\\\/roadtales.de\\\/faltbare-solartasche-camper-erfahrung\"},\"author\":{\"name\":\"Sarah\",\"@id\":\"https:\\\/\\\/roadtales.de\\\/#\\\/schema\\\/person\\\/1e68636375004def3d491f4977d362d0\"},\"headline\":\"Faltbare Solartasche f\u00fcr den Camper: Unsere Erfahrungen, Vorteile &amp; Nachteile\",\"datePublished\":\"2024-09-11T14:42:19+00:00\",\"dateModified\":\"2026-07-12T15:01:24+00:00\",\"mainEntityOfPage\":{\"@id\":\"https:\\\/\\\/roadtales.de\\\/faltbare-solartasche-camper-erfahrung\"},\"wordCount\":903,\"commentCount\":0,\"publisher\":{\"@id\":\"https:\\\/\\\/roadtales.de\\\/#\\\/schema\\\/person\\\/1e68636375004def3d491f4977d362d0\"},\"image\":{\"@id\":\"https:\\\/\\\/roadtales.de\\\/faltbare-solartasche-camper-erfahrung#primaryimage\"},\"thumbnailUrl\":\"https:\\\/\\\/roadtales.de\\\/wp-content\\\/uploads\\\/2024\\\/09\\\/Faltbares-Solarmodul-Camper.jpg\",\"keywords\":[\"Offgridtec\",\"Offroadcamper\",\"Solar &amp; Elektrik\"],\"articleSection\":[\"Camper\"],\"inLanguage\":\"en-GB\",\"potentialAction\":[{\"@type\":\"CommentAction\",\"name\":\"Comment\",\"target\":[\"https:\\\/\\\/roadtales.de\\\/faltbare-solartasche-camper-erfahrung#respond\"]}]},{\"@type\":\"WebPage\",\"@id\":\"https:\\\/\\\/roadtales.de\\\/faltbare-solartasche-camper-erfahrung\",\"url\":\"https:\\\/\\\/roadtales.de\\\/faltbare-solartasche-camper-erfahrung\",\"name\":\"Faltbare Solartasche f\u00fcr Camper \u2013 Erfahrungen und Tipps\",\"isPartOf\":{\"@id\":\"https:\\\/\\\/roadtales.de\\\/#website\"},\"primaryImageOfPage\":{\"@id\":\"https:\\\/\\\/roadtales.de\\\/faltbare-solartasche-camper-erfahrung#primaryimage\"},\"image\":{\"@id\":\"https:\\\/\\\/roadtales.de\\\/faltbare-solartasche-camper-erfahrung#primaryimage\"},\"thumbnailUrl\":\"https:\\\/\\\/roadtales.de\\\/wp-content\\\/uploads\\\/2024\\\/09\\\/Faltbares-Solarmodul-Camper.jpg\",\"datePublished\":\"2024-09-11T14:42:19+00:00\",\"dateModified\":\"2026-07-12T15:01:24+00:00\",\"description\":\"Eine faltbare Solartasche hat Vor-und Nachteile. In unserem Erfahrungsbericht teilen wir Tipps und zeigen, ob sich die Anschaffung lohnt.\",\"breadcrumb\":{\"@id\":\"https:\\\/\\\/roadtales.de\\\/faltbare-solartasche-camper-erfahrung#breadcrumb\"},\"inLanguage\":\"en-GB\",\"potentialAction\":[{\"@type\":\"ReadAction\",\"target\":[\"https:\\\/\\\/roadtales.de\\\/faltbare-solartasche-camper-erfahrung\"]}]},{\"@type\":\"ImageObject\",\"inLanguage\":\"en-GB\",\"@id\":\"https:\\\/\\\/roadtales.de\\\/faltbare-solartasche-camper-erfahrung#primaryimage\",\"url\":\"https:\\\/\\\/roadtales.de\\\/wp-content\\\/uploads\\\/2024\\\/09\\\/Faltbares-Solarmodul-Camper.jpg\",\"contentUrl\":\"https:\\\/\\\/roadtales.de\\\/wp-content\\\/uploads\\\/2024\\\/09\\\/Faltbares-Solarmodul-Camper.jpg\",\"width\":1546,\"height\":1031,\"caption\":\"Faltbares Solarmodul Camper\"},{\"@type\":\"BreadcrumbList\",\"@id\":\"https:\\\/\\\/roadtales.de\\\/faltbare-solartasche-camper-erfahrung#breadcrumb\",\"itemListElement\":[{\"@type\":\"ListItem\",\"position\":1,\"name\":\"Startseite\",\"item\":\"https:\\\/\\\/roadtales.de\\\/\"},{\"@type\":\"ListItem\",\"position\":2,\"name\":\"Faltbare Solartasche f\u00fcr den Camper: Unsere Erfahrungen, Vorteile &amp; Nachteile\"}]},{\"@type\":\"WebSite\",\"@id\":\"https:\\\/\\\/roadtales.de\\\/#website\",\"url\":\"https:\\\/\\\/roadtales.de\\\/\",\"name\":\"Roadtales\",\"description\":\"Overlanding, Camperausbau &amp; Reiseabenteuer\",\"publisher\":{\"@id\":\"https:\\\/\\\/roadtales.de\\\/#\\\/schema\\\/person\\\/1e68636375004def3d491f4977d362d0\"},\"potentialAction\":[{\"@type\":\"SearchAction\",\"target\":{\"@type\":\"EntryPoint\",\"urlTemplate\":\"https:\\\/\\\/roadtales.de\\\/?s={search_term_string}\"},\"query-input\":{\"@type\":\"PropertyValueSpecification\",\"valueRequired\":true,\"valueName\":\"search_term_string\"}}],\"inLanguage\":\"en-GB\"},{\"@type\":[\"Person\",\"Organization\"],\"@id\":\"https:\\\/\\\/roadtales.de\\\/#\\\/schema\\\/person\\\/1e68636375004def3d491f4977d362d0\",\"name\":\"Sarah\",\"image\":{\"@type\":\"ImageObject\",\"inLanguage\":\"en-GB\",\"@id\":\"https:\\\/\\\/roadtales.de\\\/wp-content\\\/uploads\\\/2023\\\/11\\\/Gotland-Restaurants-Sarah-Roadtales.jpg\",\"url\":\"https:\\\/\\\/roadtales.de\\\/wp-content\\\/uploads\\\/2023\\\/11\\\/Gotland-Restaurants-Sarah-Roadtales.jpg\",\"contentUrl\":\"https:\\\/\\\/roadtales.de\\\/wp-content\\\/uploads\\\/2023\\\/11\\\/Gotland-Restaurants-Sarah-Roadtales.jpg\",\"width\":660,\"height\":880,\"caption\":\"Sarah\"},\"logo\":{\"@id\":\"https:\\\/\\\/roadtales.de\\\/wp-content\\\/uploads\\\/2023\\\/11\\\/Gotland-Restaurants-Sarah-Roadtales.jpg\"},\"description\":\"Ich bin Sarah. Geboren 1990 im S\u00fcden von Deutschland an der Grenze zur Schweiz. Nach dem Abi hat es mich ins Ausland gezogen f\u00fcr ein Jahr nach Lesotho. Zwischen Bachelor uns Master war ich dann in S\u00fcdostasien reisen und habe meinen Master schlussendlich in Schweden gemacht. Nach einigen Jahren im Berufsleben, habe ich mich dann in ein Abenteuer gewagt und habe mit meinem Freund unseren Camper ausgebaut und nach S\u00fcdamerika verschifft. Seither erkunden wir gemeinsam mit viel Abenteuerlust und Neugierde diesen wundersch\u00f6nen Kontinent.\",\"sameAs\":[\"https:\\\/\\\/roadtales.de\",\"https:\\\/\\\/instagram.com\\\/_roadtales\\\/\"],\"url\":\"https:\\\/\\\/roadtales.de\\\/en\\\/author\\\/sarah\"}]}<\/script>\n<!-- \/ Yoast SEO plugin. -->","yoast_head_json":{"title":"Folding solar bag for campers \u2013 experiences and tips","description":"A foldable solar bag has advantages and disadvantages. In our experience report, we share tips and show whether the purchase is worth it.","robots":{"index":"index","follow":"follow","max-snippet":"max-snippet:-1","max-image-preview":"max-image-preview:large","max-video-preview":"max-video-preview:-1"},"canonical":"https:\/\/roadtales.de\/en\/faltbare-solartasche-camper-erfahrung\/","og_locale":"en_GB","og_type":"article","og_title":"Faltbare Solartasche f\u00fcr Camper \u2013 Erfahrungen und Tipps","og_description":"Eine faltbare Solartasche hat Vor-und Nachteile. In unserem Erfahrungsbericht teilen wir Tipps und zeigen, ob sich die Anschaffung lohnt.","og_url":"https:\/\/roadtales.de\/en\/faltbare-solartasche-camper-erfahrung\/","og_site_name":"Roadtales","article_published_time":"2024-09-11T14:42:19+00:00","article_modified_time":"2026-07-12T15:01:24+00:00","og_image":[{"width":1546,"height":1031,"url":"https:\/\/roadtales.de\/wp-content\/uploads\/2024\/09\/Faltbares-Solarmodul-Camper.jpg","type":"image\/jpeg"}],"author":"Sarah","twitter_card":"summary_large_image","twitter_misc":{"Written by":"Sarah","Estimated reading time":"6 minutes"},"schema":{"@context":"https:\/\/schema.org","@graph":[{"@type":"Article","@id":"https:\/\/roadtales.de\/faltbare-solartasche-camper-erfahrung#article","isPartOf":{"@id":"https:\/\/roadtales.de\/faltbare-solartasche-camper-erfahrung"},"author":{"name":"Sarah","@id":"https:\/\/roadtales.de\/#\/schema\/person\/1e68636375004def3d491f4977d362d0"},"headline":"Faltbare Solartasche f\u00fcr den Camper: Unsere Erfahrungen, Vorteile &amp; Nachteile","datePublished":"2024-09-11T14:42:19+00:00","dateModified":"2026-07-12T15:01:24+00:00","mainEntityOfPage":{"@id":"https:\/\/roadtales.de\/faltbare-solartasche-camper-erfahrung"},"wordCount":903,"commentCount":0,"publisher":{"@id":"https:\/\/roadtales.de\/#\/schema\/person\/1e68636375004def3d491f4977d362d0"},"image":{"@id":"https:\/\/roadtales.de\/faltbare-solartasche-camper-erfahrung#primaryimage"},"thumbnailUrl":"https:\/\/roadtales.de\/wp-content\/uploads\/2024\/09\/Faltbares-Solarmodul-Camper.jpg","keywords":["Offgridtec","Offroadcamper","Solar &amp; Elektrik"],"articleSection":["Camper"],"inLanguage":"en-GB","potentialAction":[{"@type":"CommentAction","name":"Comment","target":["https:\/\/roadtales.de\/faltbare-solartasche-camper-erfahrung#respond"]}]},{"@type":"WebPage","@id":"https:\/\/roadtales.de\/faltbare-solartasche-camper-erfahrung","url":"https:\/\/roadtales.de\/faltbare-solartasche-camper-erfahrung","name":"Folding solar bag for campers \u2013 experiences and tips","isPartOf":{"@id":"https:\/\/roadtales.de\/#website"},"primaryImageOfPage":{"@id":"https:\/\/roadtales.de\/faltbare-solartasche-camper-erfahrung#primaryimage"},"image":{"@id":"https:\/\/roadtales.de\/faltbare-solartasche-camper-erfahrung#primaryimage"},"thumbnailUrl":"https:\/\/roadtales.de\/wp-content\/uploads\/2024\/09\/Faltbares-Solarmodul-Camper.jpg","datePublished":"2024-09-11T14:42:19+00:00","dateModified":"2026-07-12T15:01:24+00:00","description":"A foldable solar bag has advantages and disadvantages. In our experience report, we share tips and show whether the purchase is worth it.","breadcrumb":{"@id":"https:\/\/roadtales.de\/faltbare-solartasche-camper-erfahrung#breadcrumb"},"inLanguage":"en-GB","potentialAction":[{"@type":"ReadAction","target":["https:\/\/roadtales.de\/faltbare-solartasche-camper-erfahrung"]}]},{"@type":"ImageObject","inLanguage":"en-GB","@id":"https:\/\/roadtales.de\/faltbare-solartasche-camper-erfahrung#primaryimage","url":"https:\/\/roadtales.de\/wp-content\/uploads\/2024\/09\/Faltbares-Solarmodul-Camper.jpg","contentUrl":"https:\/\/roadtales.de\/wp-content\/uploads\/2024\/09\/Faltbares-Solarmodul-Camper.jpg","width":1546,"height":1031,"caption":"Faltbares Solarmodul Camper"},{"@type":"BreadcrumbList","@id":"https:\/\/roadtales.de\/faltbare-solartasche-camper-erfahrung#breadcrumb","itemListElement":[{"@type":"ListItem","position":1,"name":"Startseite","item":"https:\/\/roadtales.de\/"},{"@type":"ListItem","position":2,"name":"Faltbare Solartasche f\u00fcr den Camper: Unsere Erfahrungen, Vorteile &amp; Nachteile"}]},{"@type":"WebSite","@id":"https:\/\/roadtales.de\/#website","url":"https:\/\/roadtales.de\/","name":"Roadtales","description":"Overlanding, Camperausbau &amp; Reiseabenteuer","publisher":{"@id":"https:\/\/roadtales.de\/#\/schema\/person\/1e68636375004def3d491f4977d362d0"},"potentialAction":[{"@type":"SearchAction","target":{"@type":"EntryPoint","urlTemplate":"https:\/\/roadtales.de\/?s={search_term_string}"},"query-input":{"@type":"PropertyValueSpecification","valueRequired":true,"valueName":"search_term_string"}}],"inLanguage":"en-GB"},{"@type":["Person","Organization"],"@id":"https:\/\/roadtales.de\/#\/schema\/person\/1e68636375004def3d491f4977d362d0","name":"Sarah","image":{"@type":"ImageObject","inLanguage":"en-GB","@id":"https:\/\/roadtales.de\/wp-content\/uploads\/2023\/11\/Gotland-Restaurants-Sarah-Roadtales.jpg","url":"https:\/\/roadtales.de\/wp-content\/uploads\/2023\/11\/Gotland-Restaurants-Sarah-Roadtales.jpg","contentUrl":"https:\/\/roadtales.de\/wp-content\/uploads\/2023\/11\/Gotland-Restaurants-Sarah-Roadtales.jpg","width":660,"height":880,"caption":"Sarah"},"logo":{"@id":"https:\/\/roadtales.de\/wp-content\/uploads\/2023\/11\/Gotland-Restaurants-Sarah-Roadtales.jpg"},"description":"I am Sarah. Born in 1990 in the south of Germany, near the Swiss border. After finishing high school, I moved abroad for a year to Lesotho. Between my bachelor's and master's degrees, I traveled through Southeast Asia and eventually completed my master's in Sweden. After a few years in the workforce, I embarked on an adventure with my boyfriend, converting our camper and shipping it to South America. Since then, we have been exploring this beautiful continent together with a lot of adventurous spirit and curiosity.","sameAs":["https:\/\/roadtales.de","https:\/\/instagram.com\/_roadtales\/"],"url":"https:\/\/roadtales.de\/en\/author\/sarah"}]}},"jetpack_sharing_enabled":true,"jetpack-related-posts":[{"id":2744,"url":"https:\/\/roadtales.de\/en\/solaranlage-camper-diy-anleitung","url_meta":{"origin":2767,"position":0},"title":"Solar system in the camper: Step by step to your solar power solution","author":"Sarah","date":"11\/09\/2024","format":false,"excerpt":"Do you want to travel self-sufficiently with your camper, just like us? Then you need a stable and reliable power supply. With the right solar system in your camper, that's no rocket science. We'll show you what types of solar panels exist, how to figure out how much solar power you need in your camper, and how you\u2026","rel":"","context":"In &quot;Camper&quot;","block_context":{"text":"Camper","link":"https:\/\/roadtales.de\/en\/category\/camper"},"img":{"alt_text":"Solarstrom Im Camper","src":"https:\/\/i0.wp.com\/roadtales.de\/wp-content\/uploads\/2024\/09\/Solarstrom-im-Camper.jpg?resize=350%2C200&ssl=1","width":350,"height":200,"srcset":"https:\/\/i0.wp.com\/roadtales.de\/wp-content\/uploads\/2024\/09\/Solarstrom-im-Camper.jpg?resize=350%2C200&ssl=1 1x, https:\/\/i0.wp.com\/roadtales.de\/wp-content\/uploads\/2024\/09\/Solarstrom-im-Camper.jpg?resize=525%2C300&ssl=1 1.5x, https:\/\/i0.wp.com\/roadtales.de\/wp-content\/uploads\/2024\/09\/Solarstrom-im-Camper.jpg?resize=700%2C400&ssl=1 2x, https:\/\/i0.wp.com\/roadtales.de\/wp-content\/uploads\/2024\/09\/Solarstrom-im-Camper.jpg?resize=1050%2C600&ssl=1 3x"},"classes":[]},{"id":3902,"url":"https:\/\/roadtales.de\/en\/minicamper-kuechensetup-2","url_meta":{"origin":2767,"position":1},"title":"Minimalist Camper Kitchen in the Puch 230 GE \u2013 Our Setup for 15 Months in South America","author":"Sarah","date":"08\/02\/2026","format":false,"excerpt":"15 months we traveled through South America with our small camper. Our vehicle, a Puch 230 GE from the Swiss Army, is robust, off-road capable, but above all it is very small. On less than 4 m\u00b2 of living space, our kitchen also had to be rather small. Our minimalist camper kitchen (with the exception of the...","rel":"","context":"In &quot;Camper&quot;","block_context":{"text":"Camper","link":"https:\/\/roadtales.de\/en\/category\/camper"},"img":{"alt_text":"Kuechenschublade Im Minicamper Mit Klapptisch, Primus Kocher, Stanley French Press Und Kochutensilien","src":"https:\/\/i0.wp.com\/roadtales.de\/wp-content\/uploads\/2024\/12\/Kuechenschublade-im-Minicamper-mit-Klapptisch-Primus-Kocher-Stanley-French-Press-und-Kochutensilien.jpg?resize=350%2C200&ssl=1","width":350,"height":200,"srcset":"https:\/\/i0.wp.com\/roadtales.de\/wp-content\/uploads\/2024\/12\/Kuechenschublade-im-Minicamper-mit-Klapptisch-Primus-Kocher-Stanley-French-Press-und-Kochutensilien.jpg?resize=350%2C200&ssl=1 1x, https:\/\/i0.wp.com\/roadtales.de\/wp-content\/uploads\/2024\/12\/Kuechenschublade-im-Minicamper-mit-Klapptisch-Primus-Kocher-Stanley-French-Press-und-Kochutensilien.jpg?resize=525%2C300&ssl=1 1.5x, https:\/\/i0.wp.com\/roadtales.de\/wp-content\/uploads\/2024\/12\/Kuechenschublade-im-Minicamper-mit-Klapptisch-Primus-Kocher-Stanley-French-Press-und-Kochutensilien.jpg?resize=700%2C400&ssl=1 2x, https:\/\/i0.wp.com\/roadtales.de\/wp-content\/uploads\/2024\/12\/Kuechenschublade-im-Minicamper-mit-Klapptisch-Primus-Kocher-Stanley-French-Press-und-Kochutensilien.jpg?resize=1050%2C600&ssl=1 3x, https:\/\/i0.wp.com\/roadtales.de\/wp-content\/uploads\/2024\/12\/Kuechenschublade-im-Minicamper-mit-Klapptisch-Primus-Kocher-Stanley-French-Press-und-Kochutensilien.jpg?resize=1400%2C800&ssl=1 4x"},"classes":[]},{"id":3036,"url":"https:\/\/roadtales.de\/en\/camping-must-haves-vanlife-overlanding","url_meta":{"origin":2767,"position":2},"title":"10 Camping Must-Haves for Vanlife, Overlanding, and Outdoor Adventures","author":"Sarah","date":"15\/10\/2024","format":false,"excerpt":"For 11 months we have been traveling through South America with our camper. Along the way, we do without some of the comforts we are used to at home, such as a shower, a washing machine, or the convenience of always having clean water from the tap and electricity from the socket. But even without these things\u2026","rel":"","context":"In &quot;Camper&quot;","block_context":{"text":"Camper","link":"https:\/\/roadtales.de\/en\/category\/camper"},"img":{"alt_text":"A Man And A Woman Sitting At A Table Under String Lights, Enjoying Dinner While Clothes Hang On A Line In The Background","src":"https:\/\/i0.wp.com\/roadtales.de\/wp-content\/uploads\/2024\/10\/A-man-and-a-woman-sitting-at-a-table-under-string-lights-enjoying-dinner-while-clothes-hang-on-a-line-in-the-background.jpg?resize=350%2C200&ssl=1","width":350,"height":200,"srcset":"https:\/\/i0.wp.com\/roadtales.de\/wp-content\/uploads\/2024\/10\/A-man-and-a-woman-sitting-at-a-table-under-string-lights-enjoying-dinner-while-clothes-hang-on-a-line-in-the-background.jpg?resize=350%2C200&ssl=1 1x, https:\/\/i0.wp.com\/roadtales.de\/wp-content\/uploads\/2024\/10\/A-man-and-a-woman-sitting-at-a-table-under-string-lights-enjoying-dinner-while-clothes-hang-on-a-line-in-the-background.jpg?resize=525%2C300&ssl=1 1.5x, https:\/\/i0.wp.com\/roadtales.de\/wp-content\/uploads\/2024\/10\/A-man-and-a-woman-sitting-at-a-table-under-string-lights-enjoying-dinner-while-clothes-hang-on-a-line-in-the-background.jpg?resize=700%2C400&ssl=1 2x, https:\/\/i0.wp.com\/roadtales.de\/wp-content\/uploads\/2024\/10\/A-man-and-a-woman-sitting-at-a-table-under-string-lights-enjoying-dinner-while-clothes-hang-on-a-line-in-the-background.jpg?resize=1050%2C600&ssl=1 3x"},"classes":[]},{"id":2514,"url":"https:\/\/roadtales.de\/en\/starlink-internet-camper-erfahrung","url_meta":{"origin":2767,"position":3},"title":"Starlink Internet in the Camper \u2013 Our experience with the satellite internet","author":"Sarah","date":"02\/04\/2024","format":false,"excerpt":"Do you want to install fast and reliable internet in your camper? Maybe, like us a few months ago, you are considering getting Starlink internet for your camper. To be able to work on the go during our South America trip, we decided in summer 2023 to get a Starlink.\u2026","rel":"","context":"In &quot;Camper&quot;","block_context":{"text":"Camper","link":"https:\/\/roadtales.de\/en\/category\/camper"},"img":{"alt_text":"Starlink Empfang Ueberall","src":"https:\/\/i0.wp.com\/roadtales.de\/wp-content\/uploads\/2024\/04\/Starlink-Empfang-ueberall.jpg?resize=350%2C200&ssl=1","width":350,"height":200,"srcset":"https:\/\/i0.wp.com\/roadtales.de\/wp-content\/uploads\/2024\/04\/Starlink-Empfang-ueberall.jpg?resize=350%2C200&ssl=1 1x, https:\/\/i0.wp.com\/roadtales.de\/wp-content\/uploads\/2024\/04\/Starlink-Empfang-ueberall.jpg?resize=525%2C300&ssl=1 1.5x, https:\/\/i0.wp.com\/roadtales.de\/wp-content\/uploads\/2024\/04\/Starlink-Empfang-ueberall.jpg?resize=700%2C400&ssl=1 2x, https:\/\/i0.wp.com\/roadtales.de\/wp-content\/uploads\/2024\/04\/Starlink-Empfang-ueberall.jpg?resize=1050%2C600&ssl=1 3x, https:\/\/i0.wp.com\/roadtales.de\/wp-content\/uploads\/2024\/04\/Starlink-Empfang-ueberall.jpg?resize=1400%2C800&ssl=1 4x"},"classes":[]},{"id":2365,"url":"https:\/\/roadtales.de\/en\/camper-verschiffen-kosten-anbieter","url_meta":{"origin":2767,"position":4},"title":"Shipping a Camper \u2013 Costs, Providers, and Tipps for Container Sharing","author":"Sarah","date":"11\/12\/2023","format":false,"excerpt":"Do you dream of exploring the world with your own camper? If you are thinking about shipping your own motorhome, you are surely facing the same questions that we also asked ourselves. Here we share comprehensive insights into the costs, introduce various providers and shipping methods, and explain,\u2026","rel":"","context":"In &quot;Reiseplanung&quot;","block_context":{"text":"Reiseplanung","link":"https:\/\/roadtales.de\/en\/category\/reiseplanung"},"img":{"alt_text":"Containerverschiffung","src":"https:\/\/i0.wp.com\/roadtales.de\/wp-content\/uploads\/2023\/12\/Containerverschiffung-edited.jpg?resize=350%2C200&ssl=1","width":350,"height":200,"srcset":"https:\/\/i0.wp.com\/roadtales.de\/wp-content\/uploads\/2023\/12\/Containerverschiffung-edited.jpg?resize=350%2C200&ssl=1 1x, https:\/\/i0.wp.com\/roadtales.de\/wp-content\/uploads\/2023\/12\/Containerverschiffung-edited.jpg?resize=525%2C300&ssl=1 1.5x, https:\/\/i0.wp.com\/roadtales.de\/wp-content\/uploads\/2023\/12\/Containerverschiffung-edited.jpg?resize=700%2C400&ssl=1 2x"},"classes":[]},{"id":2470,"url":"https:\/\/roadtales.de\/en\/frischwassersystem-camper-anleitung","url_meta":{"origin":2767,"position":5},"title":"Water Supply in your Camper \u2013 Step by Step to a functioning Freshwater System","author":"Sarah","date":"04\/03\/2024","format":false,"excerpt":"On our first trip in the camper, we had a 12-liter water canister on board. With our decision to live in the motorhome for a longer time, it was clear that 12 liters would not be enough for a self-sufficient water supply. We therefore upgraded our water supply in the camper with a water tank. Due to the limited space,\u2026","rel":"","context":"In &quot;Camper&quot;","block_context":{"text":"Camper","link":"https:\/\/roadtales.de\/en\/category\/camper"},"img":{"alt_text":"Wasserversorgung Im Camper","src":"https:\/\/i0.wp.com\/roadtales.de\/wp-content\/uploads\/2024\/03\/Wasserversorgung-im-Camper.jpg?resize=350%2C200&ssl=1","width":350,"height":200,"srcset":"https:\/\/i0.wp.com\/roadtales.de\/wp-content\/uploads\/2024\/03\/Wasserversorgung-im-Camper.jpg?resize=350%2C200&ssl=1 1x, https:\/\/i0.wp.com\/roadtales.de\/wp-content\/uploads\/2024\/03\/Wasserversorgung-im-Camper.jpg?resize=525%2C300&ssl=1 1.5x, https:\/\/i0.wp.com\/roadtales.de\/wp-content\/uploads\/2024\/03\/Wasserversorgung-im-Camper.jpg?resize=700%2C400&ssl=1 2x, https:\/\/i0.wp.com\/roadtales.de\/wp-content\/uploads\/2024\/03\/Wasserversorgung-im-Camper.jpg?resize=1050%2C600&ssl=1 3x, https:\/\/i0.wp.com\/roadtales.de\/wp-content\/uploads\/2024\/03\/Wasserversorgung-im-Camper.jpg?resize=1400%2C800&ssl=1 4x"},"classes":[]}],"jetpack_featured_media_url":"https:\/\/roadtales.de\/wp-content\/uploads\/2024\/09\/Faltbares-Solarmodul-Camper.jpg","_links":{"self":[{"href":"https:\/\/roadtales.de\/en\/wp-json\/wp\/v2\/posts\/2767","targetHints":{"allow":["GET"]}}],"collection":[{"href":"https:\/\/roadtales.de\/en\/wp-json\/wp\/v2\/posts"}],"about":[{"href":"https:\/\/roadtales.de\/en\/wp-json\/wp\/v2\/types\/post"}],"author":[{"embeddable":true,"href":"https:\/\/roadtales.de\/en\/wp-json\/wp\/v2\/users\/1"}],"replies":[{"embeddable":true,"href":"https:\/\/roadtales.de\/en\/wp-json\/wp\/v2\/comments?post=2767"}],"version-history":[{"count":16,"href":"https:\/\/roadtales.de\/en\/wp-json\/wp\/v2\/posts\/2767\/revisions"}],"predecessor-version":[{"id":3938,"href":"https:\/\/roadtales.de\/en\/wp-json\/wp\/v2\/posts\/2767\/revisions\/3938"}],"wp:featuredmedia":[{"embeddable":true,"href":"https:\/\/roadtales.de\/en\/wp-json\/wp\/v2\/media\/2776"}],"wp:attachment":[{"href":"https:\/\/roadtales.de\/en\/wp-json\/wp\/v2\/media?parent=2767"}],"wp:term":[{"taxonomy":"category","embeddable":true,"href":"https:\/\/roadtales.de\/en\/wp-json\/wp\/v2\/categories?post=2767"},{"taxonomy":"post_tag","embeddable":true,"href":"https:\/\/roadtales.de\/en\/wp-json\/wp\/v2\/tags?post=2767"}],"curies":[{"name":"wp","href":"https:\/\/api.w.org\/{rel}","templated":true}]}}