{"id":3798,"date":"2025-11-09T19:19:21","date_gmt":"2025-11-09T18:19:21","guid":{"rendered":"https:\/\/roadtales.de\/?p=3798"},"modified":"2026-04-01T20:36:25","modified_gmt":"2026-04-01T18:36:25","slug":"el-chalten","status":"publish","type":"post","link":"https:\/\/roadtales.de\/en\/el-chalten","title":{"rendered":"El Chalt\u00e9n - Patagonia\u2019s outdoor paradise: hikes, highlights and tips"},"content":{"rendered":"<p>After hours of driving along the partly rough Ruta 40 and through the seemingly endless Patagonian steppe, the first peaks appear on the horizon, and our excitement begins to build. Excitement for El Chalt\u00e9n - Argentina\u2019s outdoor paradise and a place that, with its spectacular surroundings, has long been on our bucket list. The small village on the edge of <strong>Los Glaciares National Park<\/strong> in Patagonia attracts hikers, adventurers, nature lovers, and professional mountaineers alike. Surrounded by rugged peaks, turquoise glacial lakes and lagoons, as well as several larger and smaller glaciers, El Chalt\u00e9n is considered the hiking and climbing mecca of Patagonia.<\/p>\n\n\n\n<p>The most famous hike leads to <strong>Laguna de los Tres,<\/strong>, where you\u2019re rewarded with a spectacular view of the mighty <strong>Fitz Roy massif <\/strong>. But El Chalt\u00e9n has so much more to offer: whether it\u2019s a leisurely day hike, challenging mountain tours, climbing, mountain biking, or alpine sports - every outdoor enthusiast will find their perfect adventure here.<\/p>\n\n\n\n<p>It\u2019s no wonder that El Chalt\u00e9n is one of the most visited destinations in South America and a must-stop on almost every Patagonia itinerary. Despite the many tourists, the small village immediately won us over with its warm atmosphere and breathtaking nature. We spent a full two weeks exploring this part of Los Glaciares National Park. In this post, we\u2019ll share our highlights, tips, and why you should definitely visit El Chalt\u00e9n too.<\/p>\n\n\n\n<figure class=\"wp-block-image size-large\"><img loading=\"lazy\" decoding=\"async\" width=\"1024\" height=\"683\" src=\"https:\/\/roadtales.de\/wp-content\/uploads\/2025\/11\/Laguna-de-los-Tres-zum-Sonnenaufgang-1024x683.jpg\" alt=\"Laguna de los Tres zum Sonnenaufgang\" class=\"wp-image-3822\" srcset=\"https:\/\/roadtales.de\/wp-content\/uploads\/2025\/11\/Laguna-de-los-Tres-zum-Sonnenaufgang-1024x683.jpg 1024w, https:\/\/roadtales.de\/wp-content\/uploads\/2025\/11\/Laguna-de-los-Tres-zum-Sonnenaufgang-300x200.jpg 300w, https:\/\/roadtales.de\/wp-content\/uploads\/2025\/11\/Laguna-de-los-Tres-zum-Sonnenaufgang-768x512.jpg 768w, https:\/\/roadtales.de\/wp-content\/uploads\/2025\/11\/Laguna-de-los-Tres-zum-Sonnenaufgang-1536x1024.jpg 1536w, https:\/\/roadtales.de\/wp-content\/uploads\/2025\/11\/Laguna-de-los-Tres-zum-Sonnenaufgang-18x12.jpg 18w, https:\/\/roadtales.de\/wp-content\/uploads\/2025\/11\/Laguna-de-los-Tres-zum-Sonnenaufgang-175x117.jpg 175w, https:\/\/roadtales.de\/wp-content\/uploads\/2025\/11\/Laguna-de-los-Tres-zum-Sonnenaufgang-450x300.jpg 450w, https:\/\/roadtales.de\/wp-content\/uploads\/2025\/11\/Laguna-de-los-Tres-zum-Sonnenaufgang-1170x780.jpg 1170w, https:\/\/roadtales.de\/wp-content\/uploads\/2025\/11\/Laguna-de-los-Tres-zum-Sonnenaufgang-270x180.jpg 270w, https:\/\/roadtales.de\/wp-content\/uploads\/2025\/11\/Laguna-de-los-Tres-zum-Sonnenaufgang.jpg 1932w\" sizes=\"auto, (max-width: 1024px) 100vw, 1024px\" \/><figcaption class=\"wp-element-caption\">Sunrise at the Laguna de los Tres, El Chalt\u00e9n<\/figcaption><\/figure>\n\n\n\n<details class=\"wp-block-details is-layout-flow wp-block-details-is-layout-flow\"><summary><strong>In this article<\/strong><\/summary><style>.kb-table-of-content-nav.kb-table-of-content-id3798_92bbde-4b .kb-table-of-content-wrap{padding-top:var(--global-kb-spacing-sm, 1.5rem);padding-right:var(--global-kb-spacing-sm, 1.5rem);padding-bottom:var(--global-kb-spacing-sm, 1.5rem);padding-left:var(--global-kb-spacing-sm, 1.5rem);}.kb-table-of-content-nav.kb-table-of-content-id3798_92bbde-4b .kb-table-of-contents-title-wrap{padding-top:0px;padding-right:0px;padding-bottom:0px;padding-left:0px;}.kb-table-of-content-nav.kb-table-of-content-id3798_92bbde-4b .kb-table-of-contents-title{font-weight:regular;font-style:normal;}.kb-table-of-content-nav.kb-table-of-content-id3798_92bbde-4b .kb-table-of-content-wrap .kb-table-of-content-list{font-weight:regular;font-style:normal;margin-top:var(--global-kb-spacing-sm, 1.5rem);margin-right:0px;margin-bottom:0px;margin-left:0px;}<\/style><\/details>\n\n\n\n<h2 class=\"wp-block-heading\">Los Glaciares National Park and the Southern Patagonian Ice Field<\/h2>\n\n\n\n<p>The <strong>Los Glaciares National Park<\/strong> is one of the most spectacular areas in Patagonia. It is located in southern Argentina, in the province of Santa Cruz, and was declared a <strong>UNESCO World Heritage Site <\/strong>in 1981. The park covers an area of more than 7,200 km\u00b2 and is home to several smaller glaciers as well as three major ones: the Upsala Glacier, the Viedma Glacier, and the Perito Moreno Glacier. The latter is one of Patagonia\u2019s most visited attractions and can be reached from El Calafate. In addition to the Perito Moreno Glacier, the park is especially known for its two striking peaks, Fitz Roy and Cerro Torre, which are popular destinations for mountaineers.<\/p>\n\n\n\n<p>The national park protects part of the <strong>Southern Patagonian Ice Field<\/strong>. Covering an area of around <strong>13,000 km\u00b2<\/strong> it is, after Antarctica and the Greenland ice field, the <strong>third-largest continuous ice field on Earth<\/strong>. The ice field feeds more than 40 glaciers and is considered the largest freshwater reservoir in South America. To the south, Los Glaciares National Park borders Chile\u2019s <a href=\"https:\/\/roadtales.de\/en\/torres-del-paine-nationalpark-wanderungen-tipps-unsere-ehrliche-erfahrung\/\">Torres del Paine National Park<\/a> , which also protects part of the Southern Patagonian Ice Field.&nbsp;<\/p>\n\n\n\n<h3 class=\"wp-block-heading\">Entrance and national park fees in Los Glaciares National Park<\/h3>\n\n\n\n<p>For a long time, entry to Los Glaciares National Park was only charged in El Calafate. However, since November 2024, an entrance fee must also be paid in El Chalt\u00e9n.&nbsp;<\/p>\n\n\n\n<p>If you plan to stay in El Chalt\u00e9n for several days and want to do multiple hikes, the Flexipass is worthwhile - it gives you access to all trails for either 3 or 7 days.<\/p>\n\n\n\n<p>You can find an overview of the current prices <a href=\"https:\/\/www.argentina.gob.ar\/interior\/ambiente\/parquesnacionales\/tarifas\" target=\"_blank\" rel=\"noreferrer noopener\">here<\/a>, and you can also purchase the tickets online directly. <\/p>\n\n\n\n<h2 class=\"wp-block-heading\">Getting to El Chalt\u00e9n - Routes to Patagonia\u2019s Outdoor Paradise<\/h2>\n\n\n\n<p>El Chalt\u00e9n is located in the northern part of Argentina\u2019s <strong>Los Glaciares National Park<\/strong>. Despite its remote location, the town is relatively easy to reach. However, the distances are long, so you should plan enough time for both your arrival and departure.<\/p>\n\n\n\n<h3 class=\"wp-block-heading\">To\/from El Calafate \u2013 Bus, Car, or Camper<\/h3>\n\n\n<div class=\"wp-block-image\">\n<figure class=\"alignright size-full is-resized\"><img loading=\"lazy\" decoding=\"async\" width=\"618\" height=\"824\" src=\"https:\/\/roadtales.de\/wp-content\/uploads\/2025\/11\/Mit-dem-Camper-nach-El-Chaltemn-Patagonien-edited.jpg\" alt=\"Mit dem Camper nach El Chalte\u0301mn Patagonien\" class=\"wp-image-3828\" style=\"width:200px;height:auto\" srcset=\"https:\/\/roadtales.de\/wp-content\/uploads\/2025\/11\/Mit-dem-Camper-nach-El-Chaltemn-Patagonien-edited.jpg 618w, https:\/\/roadtales.de\/wp-content\/uploads\/2025\/11\/Mit-dem-Camper-nach-El-Chaltemn-Patagonien-edited-225x300.jpg 225w, https:\/\/roadtales.de\/wp-content\/uploads\/2025\/11\/Mit-dem-Camper-nach-El-Chaltemn-Patagonien-edited-9x12.jpg 9w, https:\/\/roadtales.de\/wp-content\/uploads\/2025\/11\/Mit-dem-Camper-nach-El-Chaltemn-Patagonien-edited-175x233.jpg 175w, https:\/\/roadtales.de\/wp-content\/uploads\/2025\/11\/Mit-dem-Camper-nach-El-Chaltemn-Patagonien-edited-450x600.jpg 450w\" sizes=\"auto, (max-width: 618px) 100vw, 618px\" \/><figcaption class=\"wp-element-caption\">Getting to El Chalt\u00e9n, Patagonia<\/figcaption><\/figure>\n<\/div>\n\n\n<p>The most common starting point for a trip to El Chalt\u00e9n is <strong>El Calafate<\/strong>. There is a small airport there, so you can conveniently arrive by plane. &nbsp;<\/p>\n\n\n\n<ul class=\"wp-block-list\">\n<li><strong>Distance from El Calafate to El Chalt\u00e9n:<\/strong> approximately 220 km<\/li>\n\n\n\n<li><strong>Transport:<\/strong> There are daily bus connections from El Calafate. The most common bus companies are Caltur, Chalt\u00e9n Travel, and TAQSA. You can find current schedules and prices on their respective websites. Since prices in Argentina can change relatively quickly due to inflation, it\u2019s best to check the latest rates directly with the providers.&nbsp;<\/li>\n\n\n\n<li><strong>Travel time:<\/strong> approximately 3 hours<\/li>\n<\/ul>\n\n\n\n<p>Alternatively, you can also rent a car or a camper in El Calafate and drive to El Chalt\u00e9n yourself. There are various rental providers available. The route is generally passable, although the condition of Route 40 varies from good to poor. During the high season, campers in Patagonia are in high demand, so you should book well in advance.&nbsp;<\/p>\n\n\n\n<h3 class=\"wp-block-heading\">Other ways to get to El Chalt\u00e9n<\/h3>\n\n\n\n<p>In addition to El Calafate, you can also reach El Chalt\u00e9n from other cities. However, the route to the north is very long. The next larger town, Perito Moreno, is over 600 kilometers away. If you travel this route, it\u2019s worth making a detour to <a href=\"https:\/\/roadtales.de\/en\/wandern-perito-moreno-patagonien\/\">Perito Moreno National Park<\/a>, which, by the way, has nothing to do with the glacier of the same name near El Calafate.<\/p>\n\n\n\n<p>To the south, you eventually reach Chile and the famous Torres del Paine National Park. From Puerto Natales in Chile, it\u2019s about 400 kilometers to El Chalt\u00e9n.&nbsp;<\/p>\n\n\n\n<p>A good overview of the various arrival and departure options can be found <a href=\"https:\/\/elchalten.com\/v4\/en\/busses-to-el-chalten.php\" target=\"_blank\" rel=\"noreferrer noopener\">here<\/a>. <\/p>\n\n\n\n<h2 class=\"wp-block-heading\">Accommodation, meals, and practical information<\/h2>\n\n\n\n<h3 class=\"wp-block-heading\">Staying in El Chalt\u00e9n \u2013 Hotels, Hostels, and Camping<\/h3>\n\n\n\n<p>As diverse as the visitors to El Chalt\u00e9n are, the accommodations are equally varied. They are available in all price ranges. What is lacking, however, is a truly good campsite. Some hotels and hostels offer the option to camp in their gardens, but this is expensive and provides very little service for your money.<\/p>\n\n\n\n<p>For campers, the parking lot on the other side of the street from the visitor center is suitable. You can stay there for free, there is a pit toilet, and you can get water at the information center. There is a place for recycling and emptying your camping toilet directly to the right after the town entrance. You can find info on iOverlander. Some hostels\/hotels offer a shower for a small fee. For this, it's also best to check iOverlander for current information.<\/p>\n\n\n\n<h3 class=\"wp-block-heading\">Food and shopping in El Chalt\u00e9n - Restaurants &amp; Supermarkets<\/h3>\n\n\n\n<p>Since El Chalt\u00e9n is very touristy, there are countless restaurants are offering Argentine and international cuisine. Vegetarian and vegan options are also relatively easy to find. Good bread, sweet pastries, and snacks can be found at the Banneton bakery.<\/p>\n\n\n\n<p>In town, there is a small supermarket where you can get the essentials. Additionally, there is a small health food store with fruits and vegetables, snacks, and vegan products: <a href=\"https:\/\/maps.app.goo.gl\/SNoYJZK8ptm7wzabA\" target=\"_blank\" rel=\"noreferrer noopener\">Puentes Amarillos Tienda Natural.<\/a><\/p>\n\n\n\n<h3 class=\"wp-block-heading\">Practical travel tips for El Chalt\u00e9n \u2013 Money, Fuel &amp; Internet&nbsp;<\/h3>\n\n\n\n<ul class=\"wp-block-list\">\n<li><strong>Fuel:<\/strong> There is a small gas station at the town entrance. It does not always have gasoline or diesel, so you shouldn\u2019t rely on it entirely. If fuel is available, wait times can be long.<\/li>\n\n\n\n<li><strong>Money:<\/strong> El Chalt\u00e9n does not have reliable access to cash. While there are ATMs, ATMs in Argentina rarely worked for us. There is a relatively new Western Union branch, but you shouldn\u2019t count on it having cash available. You can exchange dollars, for example, at the supermarket and some other stores. It\u2019s best to carry enough cash with you. For up-to-date information on cash availability, checking the iOverlander app is recommended.&nbsp;<\/li>\n\n\n\n<li><strong>Mobile &amp; Internet:<\/strong> There are some Wi-Fi spots in El Chalt\u00e9n. The mobile network coverage at the time of our visit was so poor that it was practically non-functional. Unless this has changed since then (I couldn\u2019t find information), you shouldn\u2019t rely on mobile coverage.<\/li>\n\n\n\n<li><strong>Equipment rental:<\/strong> In Chalt\u00e9n, there are various outdoor stores and tour operators that rent equipment. You can rent tents, shoes, trekking poles, or even mountain bikes. The stores also sell gas cartridges and camping food.&nbsp;<\/li>\n<\/ul>\n\n\n\n<p>In our article on the <a href=\"https:\/\/roadtales.de\/en\/reiseplanung-suedamerika-apps-2025\/\">best information sources and travel apps<\/a> , you\u2019ll find additional tips that could also be useful for your trip to El Chalt\u00e9n. <\/p>\n\n\n\n<h2 class=\"wp-block-heading\">Best time to visit El Chalt\u00e9n and Patagonia<\/h2>\n\n\n\n<p>In general, El Chalt\u00e9n can be visited year-round. However, for outdoor activities like hiking and alpine tours, the summer months and the so-called shoulder seasons are particularly suitable.<\/p>\n\n\n\n<h3 class=\"wp-block-heading\">High season in El Chalt\u00e9n (December-February) - ideal hiking weather<\/h3>\n\n\n\n<p>The high season in El Chalt\u00e9n is during the summer months from December to February. During this time, conditions are best for all kinds of outdoor adventures and activities. The days are long, temperatures are generally pleasant, and the weather is somewhat more stable.<\/p>\n\n\n\n<h3 class=\"wp-block-heading\">Low season (October\/November &amp; March\/April) - quieter months<\/h3>\n\n\n\n<p>In spring (October\/November) and autumn (March\/April), El Chalt\u00e9n is noticeably quieter. This time is ideal if you want to avoid the crowds. Temperatures can already be significantly cooler, and some accommodations, restaurants, or services may already be (or still be) closed.<\/p>\n\n\n\n<h3 class=\"wp-block-heading\">Weather in Patagonia \u2013 what you need to know for El Chalt\u00e9n<\/h3>\n\n\n\n<p>No matter when you travel, the weather in Patagonia is unpredictable. It\u2019s not uncommon to experience all four seasons in a single day. Sunshine, strong winds, rain, and even snow showers often alternate hourly. Even we experienced light snowfall in the middle of summer. So be sure to pack weatherproof clothing and a good dose of flexibility.<\/p>\n\n\n\n<h2 class=\"wp-block-heading\">The most beautiful hikes in El Chalt\u00e9n<\/h2>\n\n\n\n<h3 class=\"wp-block-heading\">Day hikes in Los Glaciares National Park<\/h3>\n\n\n\n<h4 class=\"wp-block-heading\">Laguna de los Tres \u2013 The Famous Fitz Roy Hike<\/h4>\n\n\n\n<p>The hike to Laguna de los Tres is by far the most famous and popular tour in El Chalt\u00e9n. It\u2019s the closest you can get to the impressive Fitz Roy massif without alpine equipment. The view of the three distinctive peaks from the edge of the turquoise lagoon is breathtaking and ranks among the most spectacular panoramas in South America.<\/p>\n\n\n\n<p>The entire route is about 20.2 kilometers long (round trip) and is a challenging hike. The final section is particularly tough: over the last kilometer, you\u2019ll gain 400 meters in elevation. The trail is steep, well walked, and requires good fitness and surefootedness. Make sure to allow plenty of time and start early. The trailhead is located at the end of San Mart\u00edn, the main street in El Chalt\u00e9n.<\/p>\n\n\n\n<p>An absolute highlight is sunrise at Laguna de los Tres, when the first rays of sunlight bathe the Fitz Roy massif in glowing shades of orange and red.&nbsp;<\/p>\n\n\n\n<p>To witness this natural spectacle, you\u2019d have to start your hike very early, especially in summer. A better option is to spend a night at the Campamento Poincenot campsite. From there, it\u2019s only about two kilometers to the lagoon, allowing you to reach it for sunrise without too much rush. However, don\u2019t underestimate how cold it can get at night\u2014make sure to bring a warm sleeping bag.&nbsp;<\/p>\n\n\n\n<div class=\"wp-block-jetpack-tiled-gallery aligncenter is-style-rectangular\"><div class=\"\"><div class=\"tiled-gallery__gallery\"><div class=\"tiled-gallery__row\"><div class=\"tiled-gallery__col\" style=\"flex-basis:23.57090%\"><figure class=\"tiled-gallery__item\"><a href=\"https:\/\/roadtales.de\/wp-content\/uploads\/2025\/11\/Das-Fitz-Roy-Massiv-spiegelt-sich-in-der-Laguna-de-los-Tres-683x1024.jpg\"><img decoding=\"async\" srcset=\"https:\/\/i0.wp.com\/roadtales.de\/wp-content\/uploads\/2025\/11\/Das-Fitz-Roy-Massiv-spiegelt-sich-in-der-Laguna-de-los-Tres-683x1024.jpg?strip=info&#038;w=600&#038;ssl=1 600w,https:\/\/i0.wp.com\/roadtales.de\/wp-content\/uploads\/2025\/11\/Das-Fitz-Roy-Massiv-spiegelt-sich-in-der-Laguna-de-los-Tres-683x1024.jpg?strip=info&#038;w=876&#038;ssl=1 876w\" alt=\"Das Fitz Roy Massiv spiegelt sich in der Laguna de los Tres\" data-height=\"1314\" data-id=\"3817\" data-link=\"https:\/\/roadtales.de\/das-fitz-roy-massiv-spiegelt-sich-in-der-laguna-de-los-tres\" data-url=\"https:\/\/roadtales.de\/wp-content\/uploads\/2025\/11\/Das-Fitz-Roy-Massiv-spiegelt-sich-in-der-Laguna-de-los-Tres-683x1024.jpg\" data-width=\"876\" src=\"https:\/\/i0.wp.com\/roadtales.de\/wp-content\/uploads\/2025\/11\/Das-Fitz-Roy-Massiv-spiegelt-sich-in-der-Laguna-de-los-Tres-683x1024.jpg?ssl=1\" data-amp-layout=\"responsive\"\/><\/a><\/figure><\/div><div class=\"tiled-gallery__col\" style=\"flex-basis:52.87193%\"><figure class=\"tiled-gallery__item\"><a href=\"https:\/\/roadtales.de\/wp-content\/uploads\/2025\/11\/Laguna-de-los-Tres-zum-Sonnenaufgang-1024x683.jpg\"><img decoding=\"async\" srcset=\"https:\/\/i0.wp.com\/roadtales.de\/wp-content\/uploads\/2025\/11\/Laguna-de-los-Tres-zum-Sonnenaufgang-1024x683.jpg?strip=info&#038;w=600&#038;ssl=1 600w,https:\/\/i0.wp.com\/roadtales.de\/wp-content\/uploads\/2025\/11\/Laguna-de-los-Tres-zum-Sonnenaufgang-1024x683.jpg?strip=info&#038;w=900&#038;ssl=1 900w,https:\/\/i0.wp.com\/roadtales.de\/wp-content\/uploads\/2025\/11\/Laguna-de-los-Tres-zum-Sonnenaufgang-1024x683.jpg?strip=info&#038;w=1200&#038;ssl=1 1200w,https:\/\/i0.wp.com\/roadtales.de\/wp-content\/uploads\/2025\/11\/Laguna-de-los-Tres-zum-Sonnenaufgang-1024x683.jpg?strip=info&#038;w=1500&#038;ssl=1 1500w,https:\/\/i0.wp.com\/roadtales.de\/wp-content\/uploads\/2025\/11\/Laguna-de-los-Tres-zum-Sonnenaufgang-1024x683.jpg?strip=info&#038;w=1800&#038;ssl=1 1800w,https:\/\/i0.wp.com\/roadtales.de\/wp-content\/uploads\/2025\/11\/Laguna-de-los-Tres-zum-Sonnenaufgang-1024x683.jpg?strip=info&#038;w=1932&#038;ssl=1 1932w\" alt=\"Laguna de los Tres zum Sonnenaufgang\" data-height=\"1288\" data-id=\"3822\" data-link=\"https:\/\/roadtales.de\/laguna-de-los-tres-zum-sonnenaufgang\" data-url=\"https:\/\/roadtales.de\/wp-content\/uploads\/2025\/11\/Laguna-de-los-Tres-zum-Sonnenaufgang-1024x683.jpg\" data-width=\"1932\" src=\"https:\/\/i0.wp.com\/roadtales.de\/wp-content\/uploads\/2025\/11\/Laguna-de-los-Tres-zum-Sonnenaufgang-1024x683.jpg?ssl=1\" data-amp-layout=\"responsive\"\/><\/a><\/figure><\/div><div class=\"tiled-gallery__col\" style=\"flex-basis:23.55717%\"><figure class=\"tiled-gallery__item\"><a href=\"https:\/\/roadtales.de\/wp-content\/uploads\/2025\/11\/Frau-wandert-in-El-Chalten-Patagonien.jpg\"><img decoding=\"async\" srcset=\"https:\/\/i0.wp.com\/roadtales.de\/wp-content\/uploads\/2025\/11\/Frau-wandert-in-El-Chalten-Patagonien.jpg?strip=info&#038;w=569&#038;ssl=1 569w\" alt=\"Frau wandert in El Chalte\u0301n Patagonien\" data-height=\"854\" data-id=\"3820\" data-link=\"https:\/\/roadtales.de\/frau-wandert-in-el-chalten-patagonien\" data-url=\"https:\/\/roadtales.de\/wp-content\/uploads\/2025\/11\/Frau-wandert-in-El-Chalten-Patagonien.jpg\" data-width=\"569\" src=\"https:\/\/i0.wp.com\/roadtales.de\/wp-content\/uploads\/2025\/11\/Frau-wandert-in-El-Chalten-Patagonien.jpg?ssl=1\" data-amp-layout=\"responsive\"\/><\/a><\/figure><\/div><\/div><\/div><\/div><\/div>\n\n\n\n<p><strong>Tour info<\/strong>: <br><strong>Duration:<\/strong> approx. 8\u20139 hours<br><strong>Distance:<\/strong> 21 km (round trip)<br><strong>Elevation gain<\/strong>: 920 m<br><strong>Difficulty<\/strong>: difficult<\/p>\n\n\n\n<h4 class=\"wp-block-heading\">&nbsp;Laguna Torre \u2013 up close to Cerro Torre<\/h4>\n\n\n\n<p>Der markante Cerro Torre galt lange Zeit als unerklimmbar. Noch heute gilt aufgrund seiner steil aufragenden, glatten Granitw\u00e4nde, die im oberen Teil oft mit Raureifeis bedeckt sind, sowie der meist widrigen Wetterbedingungen, als einer der schwierigsten Gipfel der Welt. Nur eine handvoll Bergsteiger schaffen es jedes Jahr bis ganz nach oben. H\u00e4ufig versteckt sich die\u00a0 schmale Granitnadel tagelang hinter dichten Wolken. Wenn der Himmel aufklart, solltest du die Gelegenheit unbedingt nutzen und die Wanderung zur Laguna Torre unternehmen. Es k\u00f6nnte die einzige Gelegenheit f\u00fcr die n\u00e4chsten Tage sein.<\/p>\n\n\n\n<p>Compared to the hike to Laguna de los Tres, the tour to Laguna Torre is less steep. At around 18 kilometers (round trip), however, it is still long and physically demanding. &nbsp;<\/p>\n\n\n\n<p>The tour starts in the west of El Chalt\u00e9n, not far from the main street. Shortly after the start, the first ascent begins, gaining about 250 meters over the first 4 kilometers. Once you\u2019ve overcome this, most of the trail runs through relatively flat terrain. With a bit of luck, you\u2019ll have a view of the mighty Cerro Torre for almost the entire hike.<\/p>\n\n\n\n<p>The final stretch to the lagoon ascends gently over a scree slope. Beyond it lies Laguna Torre, shimmering turquoise with small icebergs, with the glacier and the striking peak of Cerro Torre in the background. The return trip follows the same route.<\/p>\n\n\n\n<p>If you want to experience sunrise at Laguna Torre, it\u2019s recommended\u2014just like for the hike to Laguna de los Tres\u2014to spend the night at the Campamento De Agostini campsite. From there, you can reach the lagoon early in the morning with ease and enjoy the first rays of sunlight over the water.<\/p>\n\n\n\n<figure class=\"wp-block-gallery has-nested-images columns-default is-cropped is-style-rectangular wp-block-gallery-2 is-layout-flex wp-block-gallery-is-layout-flex\">\n<figure data-wp-context=\"{&quot;imageId&quot;:&quot;69edd0eea1167&quot;}\" data-wp-interactive=\"core\/image\" data-wp-key=\"69edd0eea1167\" class=\"wp-block-image size-large wp-lightbox-container\"><img loading=\"lazy\" decoding=\"async\" width=\"572\" height=\"858\" data-wp-class--hide=\"state.isContentHidden\" data-wp-class--show=\"state.isContentVisible\" data-wp-init=\"callbacks.setButtonStyles\" data-wp-on--click=\"actions.showLightbox\" data-wp-on--load=\"callbacks.setButtonStyles\" data-wp-on-window--resize=\"callbacks.setButtonStyles\" data-id=\"3821\" src=\"https:\/\/roadtales.de\/wp-content\/uploads\/2025\/11\/Gletscher-am-Cerro-Torre-Argentinien.jpg\" alt=\"Gletscher am Cerro Torre Argentinien\" class=\"wp-image-3821\" srcset=\"https:\/\/roadtales.de\/wp-content\/uploads\/2025\/11\/Gletscher-am-Cerro-Torre-Argentinien.jpg 572w, https:\/\/roadtales.de\/wp-content\/uploads\/2025\/11\/Gletscher-am-Cerro-Torre-Argentinien-200x300.jpg 200w, https:\/\/roadtales.de\/wp-content\/uploads\/2025\/11\/Gletscher-am-Cerro-Torre-Argentinien-8x12.jpg 8w, https:\/\/roadtales.de\/wp-content\/uploads\/2025\/11\/Gletscher-am-Cerro-Torre-Argentinien-175x263.jpg 175w, https:\/\/roadtales.de\/wp-content\/uploads\/2025\/11\/Gletscher-am-Cerro-Torre-Argentinien-450x675.jpg 450w\" sizes=\"auto, (max-width: 572px) 100vw, 572px\" \/><button\n\t\t\tclass=\"lightbox-trigger\"\n\t\t\ttype=\"button\"\n\t\t\taria-haspopup=\"dialog\"\n\t\t\taria-label=\"Enlarge\"\n\t\t\tdata-wp-init=\"callbacks.initTriggerButton\"\n\t\t\tdata-wp-on--click=\"actions.showLightbox\"\n\t\t\tdata-wp-style--right=\"state.imageButtonRight\"\n\t\t\tdata-wp-style--top=\"state.imageButtonTop\"\n\t\t>\n\t\t\t<svg xmlns=\"http:\/\/www.w3.org\/2000\/svg\" width=\"12\" height=\"12\" fill=\"none\" viewbox=\"0 0 12 12\">\n\t\t\t\t<path fill=\"#fff\" d=\"M2 0a2 2 0 0 0-2 2v2h1.5V2a.5.5 0 0 1 .5-.5h2V0H2Zm2 10.5H2a.5.5 0 0 1-.5-.5V8H0v2a2 2 0 0 0 2 2h2v-1.5ZM8 12v-1.5h2a.5.5 0 0 0 .5-.5V8H12v2a2 2 0 0 1-2 2H8Zm2-12a2 2 0 0 1 2 2v2h-1.5V2a.5.5 0 0 0-.5-.5H8V0h2Z\" \/>\n\t\t\t<\/svg>\n\t\t<\/button><figcaption class=\"wp-element-caption\">Glacier at the Laguna Torre<\/figcaption><\/figure>\n\n\n\n<figure data-wp-context=\"{&quot;imageId&quot;:&quot;69edd0eea1ce2&quot;}\" data-wp-interactive=\"core\/image\" data-wp-key=\"69edd0eea1ce2\" class=\"wp-block-image size-large wp-lightbox-container\"><img loading=\"lazy\" decoding=\"async\" width=\"1025\" height=\"683\" data-wp-class--hide=\"state.isContentHidden\" data-wp-class--show=\"state.isContentVisible\" data-wp-init=\"callbacks.setButtonStyles\" data-wp-on--click=\"actions.showLightbox\" data-wp-on--load=\"callbacks.setButtonStyles\" data-wp-on-window--resize=\"callbacks.setButtonStyles\" data-id=\"3819\" src=\"https:\/\/roadtales.de\/wp-content\/uploads\/2025\/11\/Eisberg-in-der-Laguna-Torre-in-El-Chalten-Argentinien.jpg\" alt=\"Eisberg in der Laguna Torre in El Chalte\u0301n Argentinien\" class=\"wp-image-3819\" srcset=\"https:\/\/roadtales.de\/wp-content\/uploads\/2025\/11\/Eisberg-in-der-Laguna-Torre-in-El-Chalten-Argentinien.jpg 1025w, https:\/\/roadtales.de\/wp-content\/uploads\/2025\/11\/Eisberg-in-der-Laguna-Torre-in-El-Chalten-Argentinien-300x200.jpg 300w, https:\/\/roadtales.de\/wp-content\/uploads\/2025\/11\/Eisberg-in-der-Laguna-Torre-in-El-Chalten-Argentinien-768x512.jpg 768w, https:\/\/roadtales.de\/wp-content\/uploads\/2025\/11\/Eisberg-in-der-Laguna-Torre-in-El-Chalten-Argentinien-18x12.jpg 18w, https:\/\/roadtales.de\/wp-content\/uploads\/2025\/11\/Eisberg-in-der-Laguna-Torre-in-El-Chalten-Argentinien-175x117.jpg 175w, https:\/\/roadtales.de\/wp-content\/uploads\/2025\/11\/Eisberg-in-der-Laguna-Torre-in-El-Chalten-Argentinien-450x300.jpg 450w, https:\/\/roadtales.de\/wp-content\/uploads\/2025\/11\/Eisberg-in-der-Laguna-Torre-in-El-Chalten-Argentinien-270x180.jpg 270w\" sizes=\"auto, (max-width: 1025px) 100vw, 1025px\" \/><button\n\t\t\tclass=\"lightbox-trigger\"\n\t\t\ttype=\"button\"\n\t\t\taria-haspopup=\"dialog\"\n\t\t\taria-label=\"Enlarge\"\n\t\t\tdata-wp-init=\"callbacks.initTriggerButton\"\n\t\t\tdata-wp-on--click=\"actions.showLightbox\"\n\t\t\tdata-wp-style--right=\"state.imageButtonRight\"\n\t\t\tdata-wp-style--top=\"state.imageButtonTop\"\n\t\t>\n\t\t\t<svg xmlns=\"http:\/\/www.w3.org\/2000\/svg\" width=\"12\" height=\"12\" fill=\"none\" viewbox=\"0 0 12 12\">\n\t\t\t\t<path fill=\"#fff\" d=\"M2 0a2 2 0 0 0-2 2v2h1.5V2a.5.5 0 0 1 .5-.5h2V0H2Zm2 10.5H2a.5.5 0 0 1-.5-.5V8H0v2a2 2 0 0 0 2 2h2v-1.5ZM8 12v-1.5h2a.5.5 0 0 0 .5-.5V8H12v2a2 2 0 0 1-2 2H8Zm2-12a2 2 0 0 1 2 2v2h-1.5V2a.5.5 0 0 0-.5-.5H8V0h2Z\" \/>\n\t\t\t<\/svg>\n\t\t<\/button><figcaption class=\"wp-element-caption\">Iceberg in Laguna Torre<\/figcaption><\/figure>\n\n\n\n<figure data-wp-context=\"{&quot;imageId&quot;:&quot;69edd0eea277a&quot;}\" data-wp-interactive=\"core\/image\" data-wp-key=\"69edd0eea277a\" class=\"wp-block-image size-large wp-lightbox-container\"><img loading=\"lazy\" decoding=\"async\" width=\"683\" height=\"1024\" data-wp-class--hide=\"state.isContentHidden\" data-wp-class--show=\"state.isContentVisible\" data-wp-init=\"callbacks.setButtonStyles\" data-wp-on--click=\"actions.showLightbox\" data-wp-on--load=\"callbacks.setButtonStyles\" data-wp-on-window--resize=\"callbacks.setButtonStyles\" data-id=\"3816\" src=\"https:\/\/roadtales.de\/wp-content\/uploads\/2025\/11\/Cerro-Toore-in-El-Chalten-683x1024.jpg\" alt=\"Cerro Toore in El Chalte\u0301n\" class=\"wp-image-3816\" srcset=\"https:\/\/roadtales.de\/wp-content\/uploads\/2025\/11\/Cerro-Toore-in-El-Chalten-683x1024.jpg 683w, https:\/\/roadtales.de\/wp-content\/uploads\/2025\/11\/Cerro-Toore-in-El-Chalten-200x300.jpg 200w, https:\/\/roadtales.de\/wp-content\/uploads\/2025\/11\/Cerro-Toore-in-El-Chalten-768x1152.jpg 768w, https:\/\/roadtales.de\/wp-content\/uploads\/2025\/11\/Cerro-Toore-in-El-Chalten-1024x1536.jpg 1024w, https:\/\/roadtales.de\/wp-content\/uploads\/2025\/11\/Cerro-Toore-in-El-Chalten-8x12.jpg 8w, https:\/\/roadtales.de\/wp-content\/uploads\/2025\/11\/Cerro-Toore-in-El-Chalten-175x263.jpg 175w, https:\/\/roadtales.de\/wp-content\/uploads\/2025\/11\/Cerro-Toore-in-El-Chalten-450x675.jpg 450w, https:\/\/roadtales.de\/wp-content\/uploads\/2025\/11\/Cerro-Toore-in-El-Chalten.jpg 1030w\" sizes=\"auto, (max-width: 683px) 100vw, 683px\" \/><button\n\t\t\tclass=\"lightbox-trigger\"\n\t\t\ttype=\"button\"\n\t\t\taria-haspopup=\"dialog\"\n\t\t\taria-label=\"Enlarge\"\n\t\t\tdata-wp-init=\"callbacks.initTriggerButton\"\n\t\t\tdata-wp-on--click=\"actions.showLightbox\"\n\t\t\tdata-wp-style--right=\"state.imageButtonRight\"\n\t\t\tdata-wp-style--top=\"state.imageButtonTop\"\n\t\t>\n\t\t\t<svg xmlns=\"http:\/\/www.w3.org\/2000\/svg\" width=\"12\" height=\"12\" fill=\"none\" viewbox=\"0 0 12 12\">\n\t\t\t\t<path fill=\"#fff\" d=\"M2 0a2 2 0 0 0-2 2v2h1.5V2a.5.5 0 0 1 .5-.5h2V0H2Zm2 10.5H2a.5.5 0 0 1-.5-.5V8H0v2a2 2 0 0 0 2 2h2v-1.5ZM8 12v-1.5h2a.5.5 0 0 0 .5-.5V8H12v2a2 2 0 0 1-2 2H8Zm2-12a2 2 0 0 1 2 2v2h-1.5V2a.5.5 0 0 0-.5-.5H8V0h2Z\" \/>\n\t\t\t<\/svg>\n\t\t<\/button><figcaption class=\"wp-element-caption\">Cero Torre, El Chalt\u00e9n<\/figcaption><\/figure>\n<\/figure>\n\n\n\n<p><strong>Tour info<\/strong>: <br><strong>Duration:<\/strong> ca. 6-7 hours<br><strong>Distance:<\/strong> 18 km (round trip)<br><strong>Elevation gain<\/strong>: 400 m<br><strong>Difficulty<\/strong>: medium<\/p>\n\n\n\n<h4 class=\"wp-block-heading\">Loma del Pliegue Tumbado \u2013 360-degree panoramic view <\/h4>\n\n\n<div class=\"wp-block-image is-style-rectangular\">\n<figure class=\"alignright is-resized\"><img loading=\"lazy\" decoding=\"async\" width=\"682\" height=\"1024\" src=\"https:\/\/roadtales.de\/wp-content\/uploads\/2025\/11\/Ein-Mann-mit-Rucksack-wandert-auf-einem-schmalen-Bergpfad-in-El-Chalten-mit-Aussiicht-auf-den-Viedema-See-2920-682x1024.jpg\" alt=\"Ein Mann mit Rucksack wandert auf einem schmalen Bergpfad in El Chalte\u0301n mit Aussiicht auf den Viedema See\" class=\"wp-image-3818\" style=\"width:222px;height:auto\" srcset=\"https:\/\/roadtales.de\/wp-content\/uploads\/2025\/11\/Ein-Mann-mit-Rucksack-wandert-auf-einem-schmalen-Bergpfad-in-El-Chalten-mit-Aussiicht-auf-den-Viedema-See-2920-682x1024.jpg 682w, https:\/\/roadtales.de\/wp-content\/uploads\/2025\/11\/Ein-Mann-mit-Rucksack-wandert-auf-einem-schmalen-Bergpfad-in-El-Chalten-mit-Aussiicht-auf-den-Viedema-See-2920-200x300.jpg 200w, https:\/\/roadtales.de\/wp-content\/uploads\/2025\/11\/Ein-Mann-mit-Rucksack-wandert-auf-einem-schmalen-Bergpfad-in-El-Chalten-mit-Aussiicht-auf-den-Viedema-See-2920-768x1152.jpg 768w, https:\/\/roadtales.de\/wp-content\/uploads\/2025\/11\/Ein-Mann-mit-Rucksack-wandert-auf-einem-schmalen-Bergpfad-in-El-Chalten-mit-Aussiicht-auf-den-Viedema-See-2920-8x12.jpg 8w, https:\/\/roadtales.de\/wp-content\/uploads\/2025\/11\/Ein-Mann-mit-Rucksack-wandert-auf-einem-schmalen-Bergpfad-in-El-Chalten-mit-Aussiicht-auf-den-Viedema-See-2920-175x263.jpg 175w, https:\/\/roadtales.de\/wp-content\/uploads\/2025\/11\/Ein-Mann-mit-Rucksack-wandert-auf-einem-schmalen-Bergpfad-in-El-Chalten-mit-Aussiicht-auf-den-Viedema-See-2920-450x675.jpg 450w, https:\/\/roadtales.de\/wp-content\/uploads\/2025\/11\/Ein-Mann-mit-Rucksack-wandert-auf-einem-schmalen-Bergpfad-in-El-Chalten-mit-Aussiicht-auf-den-Viedema-See-2920.jpg 793w\" sizes=\"auto, (max-width: 682px) 100vw, 682px\" \/><figcaption class=\"wp-element-caption\">Hiking in El Chalt\u00e9n<\/figcaption><\/figure>\n<\/div>\n\n\n<p>Loma del Pliegue Tumbado is often underestimated but is one of the most impressive and beautiful hikes in El Chalt\u00e9n. The view from the lookout is among the most stunning panoramas in Los Glaciares National Park, and from the summit, you can enjoy a spectacular 360\u00b0 panorama of Fitz Roy, Cerro Torre, the surrounding glaciers, and on the other side, the vast expanse of the Patagonian steppe and Lago Viedma.<\/p>\n\n\n\n<p>The hike to Loma del Pliegue Tumbado starts at the National Park Visitor Center and is well marked. The approximately 18-kilometer route (round trip) takes you through a varied landscape: lush green forests, open meadows, gentle hills, and in the final section, a barren scree slope marking the last ascent.<\/p>\n\n\n\n<p>Although you gain a total of about 1,000 meters in elevation, the ascent is evenly spread over the roughly 9 kilometers. The trail climbs continuously but never extremely steeply. This makes the hike somewhat easier than the trek to Laguna de los Tres, but it still requires good fitness, surefootedness, and endurance, especially in the final section.<\/p>\n\n\n\n<p>The official viewpoint, \u201cMirador Loma del Pliegue Tumbado,\u201d is located just below the summit and already offers an impressive view of Fitz Roy, Cerro Torre, and the surrounding glaciers.<\/p>\n\n\n\n<p>If the weather is good and you still have energy left, we highly recommend the additional ascent to the summit of Loma del Pliegue Tumbado. It lies about 150 meters above the viewpoint. The path is not officially marked but is often used and therefore clearly visible. The final climb is steep and goes over loose scree, so you should wear sturdy footwear and be surefooted.<\/p>\n\n\n\n<figure class=\"wp-block-gallery has-nested-images columns-default is-cropped wp-block-gallery-3 is-layout-flex wp-block-gallery-is-layout-flex\">\n<figure data-wp-context=\"{&quot;imageId&quot;:&quot;69edd0eea39eb&quot;}\" data-wp-interactive=\"core\/image\" data-wp-key=\"69edd0eea39eb\" class=\"wp-block-image size-large wp-lightbox-container\"><img loading=\"lazy\" decoding=\"async\" width=\"1005\" height=\"670\" data-wp-class--hide=\"state.isContentHidden\" data-wp-class--show=\"state.isContentVisible\" data-wp-init=\"callbacks.setButtonStyles\" data-wp-on--click=\"actions.showLightbox\" data-wp-on--load=\"callbacks.setButtonStyles\" data-wp-on-window--resize=\"callbacks.setButtonStyles\" data-id=\"3823\" src=\"https:\/\/roadtales.de\/wp-content\/uploads\/2025\/11\/Loma-del-Pliegue-Tumbado-Aussicht-in-El-Chalten.jpg\" alt=\"Loma del Pliegue Tumbado Aussicht in El Chalte\u0301n\" class=\"wp-image-3823\" srcset=\"https:\/\/roadtales.de\/wp-content\/uploads\/2025\/11\/Loma-del-Pliegue-Tumbado-Aussicht-in-El-Chalten.jpg 1005w, https:\/\/roadtales.de\/wp-content\/uploads\/2025\/11\/Loma-del-Pliegue-Tumbado-Aussicht-in-El-Chalten-300x200.jpg 300w, https:\/\/roadtales.de\/wp-content\/uploads\/2025\/11\/Loma-del-Pliegue-Tumbado-Aussicht-in-El-Chalten-768x512.jpg 768w, https:\/\/roadtales.de\/wp-content\/uploads\/2025\/11\/Loma-del-Pliegue-Tumbado-Aussicht-in-El-Chalten-18x12.jpg 18w, https:\/\/roadtales.de\/wp-content\/uploads\/2025\/11\/Loma-del-Pliegue-Tumbado-Aussicht-in-El-Chalten-175x117.jpg 175w, https:\/\/roadtales.de\/wp-content\/uploads\/2025\/11\/Loma-del-Pliegue-Tumbado-Aussicht-in-El-Chalten-450x300.jpg 450w, https:\/\/roadtales.de\/wp-content\/uploads\/2025\/11\/Loma-del-Pliegue-Tumbado-Aussicht-in-El-Chalten-270x180.jpg 270w\" sizes=\"auto, (max-width: 1005px) 100vw, 1005px\" \/><button\n\t\t\tclass=\"lightbox-trigger\"\n\t\t\ttype=\"button\"\n\t\t\taria-haspopup=\"dialog\"\n\t\t\taria-label=\"Enlarge\"\n\t\t\tdata-wp-init=\"callbacks.initTriggerButton\"\n\t\t\tdata-wp-on--click=\"actions.showLightbox\"\n\t\t\tdata-wp-style--right=\"state.imageButtonRight\"\n\t\t\tdata-wp-style--top=\"state.imageButtonTop\"\n\t\t>\n\t\t\t<svg xmlns=\"http:\/\/www.w3.org\/2000\/svg\" width=\"12\" height=\"12\" fill=\"none\" viewbox=\"0 0 12 12\">\n\t\t\t\t<path fill=\"#fff\" d=\"M2 0a2 2 0 0 0-2 2v2h1.5V2a.5.5 0 0 1 .5-.5h2V0H2Zm2 10.5H2a.5.5 0 0 1-.5-.5V8H0v2a2 2 0 0 0 2 2h2v-1.5ZM8 12v-1.5h2a.5.5 0 0 0 .5-.5V8H12v2a2 2 0 0 1-2 2H8Zm2-12a2 2 0 0 1 2 2v2h-1.5V2a.5.5 0 0 0-.5-.5H8V0h2Z\" \/>\n\t\t\t<\/svg>\n\t\t<\/button><figcaption class=\"wp-element-caption\">Mirador Loma del Pliegue Tumbado<\/figcaption><\/figure>\n\n\n\n<figure data-wp-context=\"{&quot;imageId&quot;:&quot;69edd0eea44df&quot;}\" data-wp-interactive=\"core\/image\" data-wp-key=\"69edd0eea44df\" class=\"wp-block-image size-large wp-lightbox-container\"><img loading=\"lazy\" decoding=\"async\" width=\"1005\" height=\"670\" data-wp-class--hide=\"state.isContentHidden\" data-wp-class--show=\"state.isContentVisible\" data-wp-init=\"callbacks.setButtonStyles\" data-wp-on--click=\"actions.showLightbox\" data-wp-on--load=\"callbacks.setButtonStyles\" data-wp-on-window--resize=\"callbacks.setButtonStyles\" data-id=\"3813\" src=\"https:\/\/roadtales.de\/wp-content\/uploads\/2025\/11\/Aussicht-ueber-den-Lago-Viedema-und-die-patagonische-Steppe.jpg\" alt=\"Aussicht u\u0308ber den Lago Viedema und die patagonische Steppe\" class=\"wp-image-3813\" srcset=\"https:\/\/roadtales.de\/wp-content\/uploads\/2025\/11\/Aussicht-ueber-den-Lago-Viedema-und-die-patagonische-Steppe.jpg 1005w, https:\/\/roadtales.de\/wp-content\/uploads\/2025\/11\/Aussicht-ueber-den-Lago-Viedema-und-die-patagonische-Steppe-300x200.jpg 300w, https:\/\/roadtales.de\/wp-content\/uploads\/2025\/11\/Aussicht-ueber-den-Lago-Viedema-und-die-patagonische-Steppe-768x512.jpg 768w, https:\/\/roadtales.de\/wp-content\/uploads\/2025\/11\/Aussicht-ueber-den-Lago-Viedema-und-die-patagonische-Steppe-18x12.jpg 18w, https:\/\/roadtales.de\/wp-content\/uploads\/2025\/11\/Aussicht-ueber-den-Lago-Viedema-und-die-patagonische-Steppe-175x117.jpg 175w, https:\/\/roadtales.de\/wp-content\/uploads\/2025\/11\/Aussicht-ueber-den-Lago-Viedema-und-die-patagonische-Steppe-450x300.jpg 450w, https:\/\/roadtales.de\/wp-content\/uploads\/2025\/11\/Aussicht-ueber-den-Lago-Viedema-und-die-patagonische-Steppe-270x180.jpg 270w\" sizes=\"auto, (max-width: 1005px) 100vw, 1005px\" \/><button\n\t\t\tclass=\"lightbox-trigger\"\n\t\t\ttype=\"button\"\n\t\t\taria-haspopup=\"dialog\"\n\t\t\taria-label=\"Enlarge\"\n\t\t\tdata-wp-init=\"callbacks.initTriggerButton\"\n\t\t\tdata-wp-on--click=\"actions.showLightbox\"\n\t\t\tdata-wp-style--right=\"state.imageButtonRight\"\n\t\t\tdata-wp-style--top=\"state.imageButtonTop\"\n\t\t>\n\t\t\t<svg xmlns=\"http:\/\/www.w3.org\/2000\/svg\" width=\"12\" height=\"12\" fill=\"none\" viewbox=\"0 0 12 12\">\n\t\t\t\t<path fill=\"#fff\" d=\"M2 0a2 2 0 0 0-2 2v2h1.5V2a.5.5 0 0 1 .5-.5h2V0H2Zm2 10.5H2a.5.5 0 0 1-.5-.5V8H0v2a2 2 0 0 0 2 2h2v-1.5ZM8 12v-1.5h2a.5.5 0 0 0 .5-.5V8H12v2a2 2 0 0 1-2 2H8Zm2-12a2 2 0 0 1 2 2v2h-1.5V2a.5.5 0 0 0-.5-.5H8V0h2Z\" \/>\n\t\t\t<\/svg>\n\t\t<\/button><figcaption class=\"wp-element-caption\">View on the Lago Viedema<\/figcaption><\/figure>\n\n\n\n<figure data-wp-context=\"{&quot;imageId&quot;:&quot;69edd0eea4f9d&quot;}\" data-wp-interactive=\"core\/image\" data-wp-key=\"69edd0eea4f9d\" class=\"wp-block-image size-large wp-lightbox-container\"><img loading=\"lazy\" decoding=\"async\" width=\"1024\" height=\"683\" data-wp-class--hide=\"state.isContentHidden\" data-wp-class--show=\"state.isContentVisible\" data-wp-init=\"callbacks.setButtonStyles\" data-wp-on--click=\"actions.showLightbox\" data-wp-on--load=\"callbacks.setButtonStyles\" data-wp-on-window--resize=\"callbacks.setButtonStyles\" data-id=\"3814\" src=\"https:\/\/roadtales.de\/wp-content\/uploads\/2025\/11\/Bergpanorma-in-El-Chalten-Patagonien-1024x683.jpg\" alt=\"Bergpanorma in El Chalte\u0301n Patagonien\" class=\"wp-image-3814\" srcset=\"https:\/\/roadtales.de\/wp-content\/uploads\/2025\/11\/Bergpanorma-in-El-Chalten-Patagonien-1024x683.jpg 1024w, https:\/\/roadtales.de\/wp-content\/uploads\/2025\/11\/Bergpanorma-in-El-Chalten-Patagonien-300x200.jpg 300w, https:\/\/roadtales.de\/wp-content\/uploads\/2025\/11\/Bergpanorma-in-El-Chalten-Patagonien-768x512.jpg 768w, https:\/\/roadtales.de\/wp-content\/uploads\/2025\/11\/Bergpanorma-in-El-Chalten-Patagonien-18x12.jpg 18w, https:\/\/roadtales.de\/wp-content\/uploads\/2025\/11\/Bergpanorma-in-El-Chalten-Patagonien-175x117.jpg 175w, https:\/\/roadtales.de\/wp-content\/uploads\/2025\/11\/Bergpanorma-in-El-Chalten-Patagonien-450x300.jpg 450w, https:\/\/roadtales.de\/wp-content\/uploads\/2025\/11\/Bergpanorma-in-El-Chalten-Patagonien-270x180.jpg 270w, https:\/\/roadtales.de\/wp-content\/uploads\/2025\/11\/Bergpanorma-in-El-Chalten-Patagonien.jpg 1159w\" sizes=\"auto, (max-width: 1024px) 100vw, 1024px\" \/><button\n\t\t\tclass=\"lightbox-trigger\"\n\t\t\ttype=\"button\"\n\t\t\taria-haspopup=\"dialog\"\n\t\t\taria-label=\"Enlarge\"\n\t\t\tdata-wp-init=\"callbacks.initTriggerButton\"\n\t\t\tdata-wp-on--click=\"actions.showLightbox\"\n\t\t\tdata-wp-style--right=\"state.imageButtonRight\"\n\t\t\tdata-wp-style--top=\"state.imageButtonTop\"\n\t\t>\n\t\t\t<svg xmlns=\"http:\/\/www.w3.org\/2000\/svg\" width=\"12\" height=\"12\" fill=\"none\" viewbox=\"0 0 12 12\">\n\t\t\t\t<path fill=\"#fff\" d=\"M2 0a2 2 0 0 0-2 2v2h1.5V2a.5.5 0 0 1 .5-.5h2V0H2Zm2 10.5H2a.5.5 0 0 1-.5-.5V8H0v2a2 2 0 0 0 2 2h2v-1.5ZM8 12v-1.5h2a.5.5 0 0 0 .5-.5V8H12v2a2 2 0 0 1-2 2H8Zm2-12a2 2 0 0 1 2 2v2h-1.5V2a.5.5 0 0 0-.5-.5H8V0h2Z\" \/>\n\t\t\t<\/svg>\n\t\t<\/button><figcaption class=\"wp-element-caption\">Panorama El Chalt\u00e9n<\/figcaption><\/figure>\n<\/figure>\n\n\n\n<p><strong>Tour info<\/strong>:<br><strong>Duration:<\/strong> 6\u20137 Stunden (ohne Gipfel)<br><strong>Distance:<\/strong> 18 km (round trip)<br><strong>Zusatzzeit f\u00fcr Gipfel:<\/strong> ca. 1-2 Stunden<br><strong>H\u00f6henmeter:<\/strong> ca. 1000 m<br><strong>Difficulty:<\/strong> medium<\/p>\n\n\n\n<h4 class=\"wp-block-heading\">Fitz Roy &amp; Cerro Torre Combined Tour \u2013 Three Days, Two Nights Trekking<\/h4>\n\n\n<div class=\"wp-block-image\">\n<figure class=\"alignright size-full is-resized\"><img loading=\"lazy\" decoding=\"async\" width=\"927\" height=\"618\" src=\"https:\/\/roadtales.de\/wp-content\/uploads\/2025\/11\/Zeltplatz-auf-der-Wanderung-zur-Lagnua-de-los-Tres.jpg\" alt=\"Zeltplatz auf der Wanderung zur Lagnua de los Tres\" class=\"wp-image-3826\" style=\"width:245px;height:auto\" srcset=\"https:\/\/roadtales.de\/wp-content\/uploads\/2025\/11\/Zeltplatz-auf-der-Wanderung-zur-Lagnua-de-los-Tres.jpg 927w, https:\/\/roadtales.de\/wp-content\/uploads\/2025\/11\/Zeltplatz-auf-der-Wanderung-zur-Lagnua-de-los-Tres-300x200.jpg 300w, https:\/\/roadtales.de\/wp-content\/uploads\/2025\/11\/Zeltplatz-auf-der-Wanderung-zur-Lagnua-de-los-Tres-768x512.jpg 768w, https:\/\/roadtales.de\/wp-content\/uploads\/2025\/11\/Zeltplatz-auf-der-Wanderung-zur-Lagnua-de-los-Tres-18x12.jpg 18w, https:\/\/roadtales.de\/wp-content\/uploads\/2025\/11\/Zeltplatz-auf-der-Wanderung-zur-Lagnua-de-los-Tres-175x117.jpg 175w, https:\/\/roadtales.de\/wp-content\/uploads\/2025\/11\/Zeltplatz-auf-der-Wanderung-zur-Lagnua-de-los-Tres-450x300.jpg 450w, https:\/\/roadtales.de\/wp-content\/uploads\/2025\/11\/Zeltplatz-auf-der-Wanderung-zur-Lagnua-de-los-Tres-270x180.jpg 270w\" sizes=\"auto, (max-width: 927px) 100vw, 927px\" \/><figcaption class=\"wp-element-caption\">Campsite on the way to Laguna de los Tres, El Chalt\u00e9n<\/figcaption><\/figure>\n<\/div>\n\n\n<p>If you\u2019re up for a small trekking adventure in Patagonia, you can wonderfully combine the two most famous hikes around El Chalt\u00e9n, Laguna de los Tres and Laguna Torre. You can start the circuit with either Laguna Torre or Laguna de los Tres. Instead of returning to El Chalt\u00e9n after the hike, you can take the connecting trail between the two lagoons. This section mostly passes through flat, open terrain with wide views, is well marked, and relatively easy. Make sure to bring good camping gear and, above all, a warm sleeping bag, as it can get very cold at night.<\/p>\n\n\n\n<h3 class=\"wp-block-heading\">Short hikes &amp; half-day tours around El Chalt\u00e9n<\/h3>\n\n\n\n<p>The following two hikes are short, easy, and still rewarding. They are ideal if you have limited time, for example on arrival or departure days, or if you want to test your gear before a longer trek. Both hikes start at the Los Glaciares National Park Visitor Center at the entrance to El Chalt\u00e9n and offer beautiful panoramic views of the surrounding landscape.<\/p>\n\n\n\n<h4 class=\"wp-block-heading\">Mirador de los C\u00f3ndores \u2013 viewpoint overlooking El Chalt\u00e9n<\/h4>\n\n\n\n<p>The hike to Mirador de los C\u00f3ndores is one of the most popular short tours in El Chalt\u00e9n. The viewpoint gets its name because Andean condors often soar overhead here.<\/p>\n\n\n\n<p>The well-developed and marked trail climbs about 155 meters over roughly 1.5 kilometers (one way) to the viewpoint. At the top, you\u2019ll enjoy a fantastic view of El Chalt\u00e9n, the Fitz Roy massif, and the surrounding peaks. With a bit of luck, you may also spot condors here.<\/p>\n\n\n\n<p>The trailhead is located directly at the Visitor Center at the entrance to town. After a few hundred meters, the path splits: to the left, it leads to the C\u00f3ndores and \u00c1guilas viewpoints, and to the right, the hike to Loma del Pliegue Tumbado begins.<\/p>\n\n\n\n<p><strong>Tour info<\/strong>:<br><strong>Distance<\/strong>: ca. 3 km (round trip)<br><strong>Duration<\/strong>_ 1-1,5 hours<br><strong>Difficulty<\/strong>: easy<\/p>\n\n\n\n<h4 class=\"wp-block-heading\">Mirador de las \u00c1guilas \u2013 view of Lago Viedma and the steppe<\/h4>\n\n\n\n<p>Mirador de las \u00c1guilas is a nice complement to Mirador de los C\u00f3ndores. You can easily combine both hikes. On the return from Mirador de los C\u00f3ndores, after about ten minutes, turn onto the trail to Mirador de las \u00c1guilas. The path is mostly flat and leads to a viewpoint with impressive views of the Patagonian steppe and Lago Viedma.<\/p>\n\n\n\n<p><strong>Tour info<\/strong>:<br><strong>Distance<\/strong>: ca. 4 km (round-trip, including Mirador C\u00f3ndores)<br><strong>Duration<\/strong>: ca. 2 hours<br><strong>Difficulty<\/strong>: easy<\/p>\n\n\n\n<h4 class=\"wp-block-heading\">Chorrillo del Salto \u2013 hike to the waterfall <\/h4>\n\n\n\n<p>Chorrillo del Salto is also one of the most popular excursions in El Chalt\u00e9n. The roughly 20-meter-high waterfall plunges into a turquoise pool amid a small forest. The trail starts at the end of San Mart\u00edn, the main street, and initially follows the gravel road leading out of town. You\u2019ll walk consistently alongside the turquoise R\u00edo de las Vueltas. After about one kilometer, a narrow path branches off from the road, taking you through a wet meadow and a small forest until you reconnect with the road. From there, it\u2019s only a few minutes to the waterfall. The route is about 3 kilometers one way, mostly flat, and easy to walk.<\/p>\n\n\n\n<p><strong>Tour info<\/strong>:<br><strong>Distance<\/strong>: ca. 6 km (round trip)<br><strong>Duration<\/strong>: 2-3 hours<br><strong>Difficulty<\/strong>: easy<\/p>\n\n\n\n<h4 class=\"wp-block-heading\">Laguna Capri \u2013 easy hike with a view of Fitz Roy<\/h4>\n\n\n<div class=\"wp-block-image\">\n<figure class=\"alignright size-full is-resized\"><img loading=\"lazy\" decoding=\"async\" width=\"922\" height=\"615\" src=\"https:\/\/roadtales.de\/wp-content\/uploads\/2025\/11\/Wanderung-zur-Laguna-Capri-El-Chalten-Argentinien.jpg\" alt=\"Wanderung zur Laguna Capri El Chalte\u0301n Argentinien\" class=\"wp-image-3825\" style=\"width:277px;height:auto\" srcset=\"https:\/\/roadtales.de\/wp-content\/uploads\/2025\/11\/Wanderung-zur-Laguna-Capri-El-Chalten-Argentinien.jpg 922w, https:\/\/roadtales.de\/wp-content\/uploads\/2025\/11\/Wanderung-zur-Laguna-Capri-El-Chalten-Argentinien-300x200.jpg 300w, https:\/\/roadtales.de\/wp-content\/uploads\/2025\/11\/Wanderung-zur-Laguna-Capri-El-Chalten-Argentinien-768x512.jpg 768w, https:\/\/roadtales.de\/wp-content\/uploads\/2025\/11\/Wanderung-zur-Laguna-Capri-El-Chalten-Argentinien-18x12.jpg 18w, https:\/\/roadtales.de\/wp-content\/uploads\/2025\/11\/Wanderung-zur-Laguna-Capri-El-Chalten-Argentinien-175x117.jpg 175w, https:\/\/roadtales.de\/wp-content\/uploads\/2025\/11\/Wanderung-zur-Laguna-Capri-El-Chalten-Argentinien-450x300.jpg 450w, https:\/\/roadtales.de\/wp-content\/uploads\/2025\/11\/Wanderung-zur-Laguna-Capri-El-Chalten-Argentinien-270x180.jpg 270w\" sizes=\"auto, (max-width: 922px) 100vw, 922px\" \/><figcaption class=\"wp-element-caption\">On the way to Laguna Capri, El Chalt\u00e9n<\/figcaption><\/figure>\n<\/div>\n\n\n<p>The hike to Laguna Capri is one of the most beautiful short tours around El Chalt\u00e9n and offers an impressive view of Fitz Roy\u2014without the steep final ascent to Laguna de los Tres.<\/p>\n\n\n\n<p>The trail to the lagoon initially follows the same route as the hike to Laguna de los Tres. The trailhead is also at the parking lot at the end of San Mart\u00edn, the main street. The path starts off relatively steep, and after about 700 meters, you reach the R\u00edo de las Vueltas viewpoint. From there, the trail passes through a forest before reaching the idyllic Laguna Capri after roughly two hours. The lagoon is just a few meters off the main path and offers a stunning panoramic view of the Fitz Roy massif.<\/p>\n\n\n\n<p><strong>Tour info<\/strong>:<br><strong>Distance<\/strong>: ca. 8 km (round trip)<br><strong>Duration<\/strong>: ca. 4 hours<br><strong>Difficulty<\/strong>: easy to medium (short steep ascent at the beginning)<\/p>\n\n\n\n<h3 class=\"wp-block-heading\">Multi-day hikes in El Chalt\u00e9n <\/h3>\n\n\n\n<h4 class=\"wp-block-heading\">Huemul Circuit \u2013 Patagonia adventure for experienced trekkers<\/h4>\n\n\n\n<p>The Huemul Circuit (Spanish: Vuelta al Huemul) is considered one of the most spectacular multi-day hikes in Patagonia and is also one of the most challenging. The circuit takes about four days and passes through remote areas of Los Glaciares National Park, offering breathtaking views of the Southern Patagonian Ice Field and the surrounding mountains.<\/p>\n\n\n\n<p>We didn\u2019t do the hike ourselves due to my knee problems, but we\u2019ve heard a lot of positive feedback from many other trekkers.<\/p>\n\n\n\n<p>The Huemul Circuit takes about four days, during which you must carry all your gear and supplies yourself. The route should not be underestimated; for safety reasons, it is mandatory to register with the rangers at the National Park Visitor Center in El Chalt\u00e9n before starting the hike. There, you\u2019ll also receive up-to-date information on weather, river levels, and trail conditions.<\/p>\n\n\n\n<p>Ausf\u00fchrliche Informationen und Erfahrungsberichte findest du z. B. hier: <a href=\"https:\/\/patagoniadreaming.com\/la-vuelta-del-cerro-huemul-hike\/\">La Vuelta del Cerro Huemul hike<\/a><\/p>\n\n\n\n<h2 class=\"wp-block-heading\">More than just hiking \u2013 activities in and around El Chalt\u00e9n<\/h2>\n\n\n\n<p>Although most tourists probably come to El Chalt\u00e9n for the hikes, the small town and its stunning surroundings have much more to offer.&nbsp;<\/p>\n\n\n\n<h3 class=\"wp-block-heading\">Climbing in El Chalt\u00e9n<\/h3>\n\n\n\n<p>El Chalt\u00e9n is not only a dream destination for hikers but also a well-known climbing area. The granite walls around Fitz Roy and Cerro Torre attract climbers from all over the world, ranging from experienced alpinists to recreational climbers who mainly tackle the easier routes near the town.<\/p>\n\n\n\n<p><strong>Important<\/strong>: It\u2019s best to bring your own climbing gear. While you can easily rent hiking and camping equipment at the outdoor shops in El Chalt\u00e9n, there is no rental for climbing equipment such as ropes, harnesses, or helmets\u2014at least not when we were there. We don\u2019t know if that has changed since.<\/p>\n\n\n\n<h3 class=\"wp-block-heading\">Mountain biking in El Chalt\u00e9n<\/h3>\n\n\n\n<p>The surroundings of El Chalt\u00e9n are also perfect for exploring by mountain bike. Around the town, you\u2019ll find gravel roads and trails that take you through stunning landscapes. Several local providers rent out mountain bikes and can give you tips for tours. You can usually spot the rental shops by the bikes displayed outside.&nbsp;<\/p>\n\n\n\n<h3 class=\"wp-block-heading\">Kajak &amp; Stand-up-Paddling:<\/h3>\n\n\n\n<p>If you prefer being on the water, you can go kayaking on Lago del Desierto, about 37 km north of El Chalt\u00e9n. The lake is nestled between dense forests and glaciers, offering a breathtaking backdrop. Tours and rentals are offered by local agencies in town, which can also help organize transportation to the lake.<\/p>\n\n\n\n<h3 class=\"wp-block-heading\">Alpine tours, glacier trekking, and ice climbing<\/h3>\n\n\n\n<p>For those who enjoy alpine activities, want to do glacier tours, and have the necessary experience, the national park offers countless opportunities. If you\u2019re new to this, you can gain your first alpine experience through a course. For anyone looking to get a taste of alpine terrain, local agencies in El Chalt\u00e9n offer various courses and guided tours with certified mountain guides. We haven\u2019t participated in any of these courses ourselves, so we cannot comment on their quality.&nbsp;<\/p>\n\n\n\n<h2 class=\"wp-block-heading\">Conclusion \u2013 Why El Chalt\u00e9n in Patagonia is truly worth visiting<\/h2>\n\n\n\n<p>We thoroughly enjoyed El Chalt\u00e9n. Not only are the hikes and the breathtaking landscape absolutely stunning, but the local organization is also excellent. From well-marked trails and the very informative, helpful national park visitor center to a good selection of restaurants and outdoor shops in town, everything is well set up.<\/p>\n\n\n\n<p>Compared to the famous Torres del Paine National Park in Chile, we found El Chalt\u00e9n even more impressive, even though it can also get crowded. This is partly due to the wide variety of short and long hikes, as well as the overall good and diverse outdoor offerings. There\u2019s truly something for everyone here. We spent a total of two weeks in the area and still would have had plenty left to do afterward.&nbsp;<\/p>\n\n\n\n<p>Additionally, despite the crowds, El Chalt\u00e9n stands out for its relaxed and friendly atmosphere. The visitor center staff are very welcoming, the rangers are helpful, and they take the time to answer questions or give route tips. In terms of cost, El Chalt\u00e9n is also significantly cheaper than Torres del Paine, although prices are, of course, still above the usual level in Argentina. &nbsp;<\/p>\n\n\n\n<p>Wir finden, El Chalt\u00e9n lohnt sich auf jeden Fall und es ist also das perfekte Ziel f\u00fcr alle, die Patagonien aktiv erleben m\u00f6chten.<\/p>\n\n\n\n<h2 class=\"wp-block-heading\">FAQ \u2013 the most important questions about your visit to El Chalt\u00e9n<\/h2>\n\n\n\n<div class=\"schema-faq wp-block-yoast-faq-block\"><div class=\"schema-faq-section\" id=\"faq-question-1762092512161\"><strong class=\"schema-faq-question\"><strong>How do I get to El Chalt\u00e9n?<\/strong><\/strong> <p class=\"schema-faq-answer\">Most travelers reach El Chalt\u00e9n via El Calafate, which has the nearest airport. From there, buses run several times a day (about 3 hours) to El Chalt\u00e9n. Alternatively, you can drive yourself, as the road is paved.<\/p> <\/div> <div class=\"schema-faq-section\" id=\"faq-question-1762092528280\"><strong class=\"schema-faq-question\"><strong>What are the most popular hikes in El Chalt\u00e9n?<\/strong><\/strong> <p class=\"schema-faq-answer\">The most popular hikes include Laguna de los Tres, Laguna Torre, Loma del Pliegue Tumbado, Laguna Capri, Mirador de los C\u00f3ndores, and Mirador de las \u00c1guilas, as well as Chorrillo del Salto. For experienced trekkers who enjoy multi-day tours with their own tent, the Huemul Circuit is also an option.<\/p> <\/div> <div class=\"schema-faq-section\" id=\"faq-question-1762092538764\"><strong class=\"schema-faq-question\"><strong>Can you camp in El Chalt\u00e9n?<\/strong><\/strong> <p class=\"schema-faq-answer\">Yes. There are several campsites along the hiking trails within the national park. In town, some hotels and hostels also offer camping in their gardens.\u00a0<\/p> <\/div> <div class=\"schema-faq-section\" id=\"faq-question-1762092552876\"><strong class=\"schema-faq-question\">When is the best time to visit El Chalt\u00e9n?<\/strong> <p class=\"schema-faq-answer\">The best time for hiking is from November to March, during the Patagonian summer. Days are long and temperatures are mild (10\u201320\u202f\u00b0C), though the weather can still be very unpredictable.<\/p> <\/div> <div class=\"schema-faq-section\" id=\"faq-question-1762092581024\"><strong class=\"schema-faq-question\"><strong>What is the weather like in El Chalt\u00e9n?<\/strong><\/strong> <p class=\"schema-faq-answer\">The weather is typically changeable, windy, and unpredictable\u2014classic Patagonian conditions. You can experience sun, rain, and snow all in one day. Good clothing and layering are essential.<\/p> <\/div> <div class=\"schema-faq-section\" id=\"faq-question-1762092591736\"><strong class=\"schema-faq-question\"><strong>Can I rent gear in El Chalt\u00e9n?<\/strong><\/strong> <p class=\"schema-faq-answer\">Yes, there are several outdoor shops in El Chalt\u00e9n where you can rent tents, sleeping bags, mats, stoves, trekking poles, and more. It\u2019s best to check in advance to ensure that the items you need are available.<\/p> <\/div> <div class=\"schema-faq-section\" id=\"faq-question-1762092605716\"><strong class=\"schema-faq-question\"><strong>What are the prices like in El Chalt\u00e9n?<\/strong><\/strong> <p class=\"schema-faq-answer\">El Chalt\u00e9n is a tourist destination, so prices are above the typical level in Argentina. However, it is still somewhat cheaper than Torres del Paine.\u00a0<\/p> <\/div> <div class=\"schema-faq-section\" id=\"faq-question-1762092620289\"><strong class=\"schema-faq-question\"><strong>Is there internet and mobile reception in El Chalt\u00e9n?<\/strong><\/strong> <p class=\"schema-faq-answer\">There is Wi-Fi in caf\u00e9s and accommodations, but the connection is often slow and unreliable. Mobile reception is only partial. Offline map apps like Maps.me or AllTrails are recommended.<\/p> <\/div> <div class=\"schema-faq-section\" id=\"faq-question-1762092641195\"><strong class=\"schema-faq-question\"><strong>Is El Chalt\u00e9n safe?<\/strong><\/strong> <p class=\"schema-faq-answer\">Yes, El Chalt\u00e9n is considered very safe. Crime is extremely rare. The main risks come from unprepared hikes or sudden changes in the weather.<\/p> <\/div> <div class=\"schema-faq-section\" id=\"faq-question-1762092651328\"><strong class=\"schema-faq-question\"><strong>Are there wild animals in the area?<\/strong><\/strong> <p class=\"schema-faq-answer\">Yes, the Los Glaciares National Park is home to animals such as guanacos, foxes, condors, and the huemul deer. With some luck, you might spot them during a hike. Be sure to keep a safe distance.<\/p> <\/div> <div class=\"schema-faq-section\" id=\"faq-question-1762092666389\"><strong class=\"schema-faq-question\"><strong>Wie viele Tage sollte ich f\u00fcr El Chalt\u00e9n einplanen?<\/strong><\/strong> <p class=\"schema-faq-answer\">Das Angebot in El Chalt\u00e9n ist sehr vielseitig. Du solltest mindestens 3 \u2013 4 Tage einplanen, um die wichtigsten Wanderungen wie Laguna de los Tres und Laguna Torre zu machen. Wer mehr Zeit hat, kann auch k\u00fcrzere Touren oder andere Aktivit\u00e4ten machen oder hat die M\u00f6glichkeit Schlechtwettertage einzuplanen und auszusitzen.<\/p> <\/div> <div class=\"schema-faq-section\" id=\"faq-question-1762092677587\"><strong class=\"schema-faq-question\"><strong>How many days should I plan for El Chalt\u00e9n?<\/strong><\/strong> <p class=\"schema-faq-answer\">El Chalt\u00e9n offers a wide variety of activities. You should plan at least 3\u20134 days to complete the main hikes like Laguna de los Tres and Laguna Torre. If you have more time, you can also do shorter hikes, other activities, or account for bad-weather days.<\/p> <\/div> <div class=\"schema-faq-section\" id=\"faq-question-1762092688814\"><strong class=\"schema-faq-question\"><strong>Can you pay by card in El Chalt\u00e9n?<\/strong><\/strong> <p class=\"schema-faq-answer\">Yes, most restaurants and shops accept card payments. If you\u2019re looking for a good travel credit card, we can recommend the <a href=\"https:\/\/roadtales.de\/en\/dkb-kreditkarte-oder-debitkarte\/\" target=\"_blank\" rel=\"noreferrer noopener\">DKB Visa Debit card<\/a> or the <a href=\"https:\/\/roadtales.de\/en\/bank-norwegian-visa-reisekreditkarte\/\" target=\"_blank\" rel=\"noreferrer noopener\">Bank Norwegian credit card<\/a> .\u00a0<\/p> <\/div> <div class=\"schema-faq-section\" id=\"faq-question-1762092699343\"><strong class=\"schema-faq-question\"><strong>Are there shopping options and restaurants in El Chalt\u00e9n?<\/strong><\/strong> <p class=\"schema-faq-answer\">Yes, the town has a small supermarket, bakeries, caf\u00e9s, and restaurants. For a small town, the selection is relatively good. Outdoor shops sell camping food, and there is even a small organic store offering vegan products.<\/p> <\/div> <div class=\"schema-faq-section\" id=\"faq-question-1762093190295\"><strong class=\"schema-faq-question\">How much do hikes in Los Glaciares National Park in El Chalt\u00e9n cost?<\/strong> <p class=\"schema-faq-answer\">Since November 2024, there is an entrance fee for the national park in El Chalt\u00e9n. An overview of the pricing categories can be found <a href=\"https:\/\/www.argentina.gob.ar\/interior\/ambiente\/parquesnacionales\/tarifas\" target=\"_blank\" rel=\"noreferrer noopener\">here<\/a>.You can also purchase tickets online.<\/p> <\/div> <\/div>\n\n\n\n<p><\/p>\n\n\n\n<p><\/p>\n\n\n\n<p><\/p>\n\n\n\n<p><\/p>\n\n\n\n<p><\/p>","protected":false},"excerpt":{"rendered":"<p>Als wir nach stundenlanger Fahrt, \u00fcber die teils sehr schlechte Ruta 40 und durch die endloscheinende patagonische Steppe, die ersten Gipfel am Horizont sehen, kommt merklich Vorfreude auf. Vorfreude auf El Chalt\u00e9n, Argentiniens Outdoor Paradies und einen Ort, den wir mit seiner spektakul\u00e4ren Umgebung schon lange auf unserer Bucket List stehen hatten. Das kleine Dorf<\/p>","protected":false},"author":1,"featured_media":3822,"comment_status":"open","ping_status":"open","sticky":false,"template":"","format":"standard","meta":{"slim_seo":{"title":"El Chalt\u00e9n \u2013 Das Outdoor Paradies Patagoniens: Wanderungen, Highlights &amp; Tipps - Roadtales","description":"Als wir nach stundenlanger Fahrt, \u00fcber die teils sehr schlechte Ruta 40 und durch die endloscheinende patagonische Steppe, die ersten Gipfel am Horizont sehen,"},"_jetpack_memberships_contains_paid_content":false,"footnotes":""},"categories":[115,88],"tags":[334,189,125,60],"class_list":{"0":"post-3798","1":"post","2":"type-post","3":"status-publish","4":"format-standard","5":"has-post-thumbnail","7":"category-argentinien","8":"category-suedamerika","9":"tag-nationalparks","10":"tag-patagonien","11":"tag-reisebericht","12":"tag-wandern"},"yoast_head":"<!-- This site is optimized with the Yoast SEO plugin v27.4 - https:\/\/yoast.com\/product\/yoast-seo-wordpress\/ -->\n<title>El Chalt\u00e9n Patagonien \u2013 Wanderungen, Highlights &amp; Tipps<\/title>\n<meta name=\"description\" content=\"Entdecke El Chalt\u00e9n, das Wander- und Outdoorparadies Patagoniens. Alle Highlights, Tipps, Routen &amp; Infos f\u00fcr deine Reise nach Argentinien\" \/>\n<meta name=\"robots\" content=\"index, follow, max-snippet:-1, max-image-preview:large, max-video-preview:-1\" \/>\n<link rel=\"canonical\" href=\"https:\/\/roadtales.de\/en\/el-chalten\/\" \/>\n<meta property=\"og:locale\" content=\"en_GB\" \/>\n<meta property=\"og:type\" content=\"article\" \/>\n<meta property=\"og:title\" content=\"El Chalt\u00e9n Patagonien \u2013 Wanderungen, Highlights &amp; Tipps\" \/>\n<meta property=\"og:description\" content=\"Entdecke El Chalt\u00e9n, das Wander- und Outdoorparadies Patagoniens. Alle Highlights, Tipps, Routen &amp; Infos f\u00fcr deine Reise nach Argentinien\" \/>\n<meta property=\"og:url\" content=\"https:\/\/roadtales.de\/en\/el-chalten\/\" \/>\n<meta property=\"og:site_name\" content=\"Roadtales\" \/>\n<meta property=\"article:published_time\" content=\"2025-11-09T18:19:21+00:00\" \/>\n<meta property=\"article:modified_time\" content=\"2026-04-01T18:36:25+00:00\" \/>\n<meta property=\"og:image\" content=\"https:\/\/roadtales.de\/wp-content\/uploads\/2025\/11\/Laguna-de-los-Tres-zum-Sonnenaufgang.jpg\" \/>\n\t<meta property=\"og:image:width\" content=\"1932\" \/>\n\t<meta property=\"og:image:height\" content=\"1288\" \/>\n\t<meta property=\"og:image:type\" content=\"image\/jpeg\" \/>\n<meta name=\"author\" content=\"Sarah\" \/>\n<meta name=\"twitter:card\" content=\"summary_large_image\" \/>\n<meta name=\"twitter:label1\" content=\"Written by\" \/>\n\t<meta name=\"twitter:data1\" content=\"Sarah\" \/>\n\t<meta name=\"twitter:label2\" content=\"Estimated reading time\" \/>\n\t<meta name=\"twitter:data2\" content=\"27 minutes\" \/>\n<script type=\"application\/ld+json\" class=\"yoast-schema-graph\">{\"@context\":\"https:\\\/\\\/schema.org\",\"@graph\":[{\"@type\":\"Article\",\"@id\":\"https:\\\/\\\/roadtales.de\\\/el-chalten#article\",\"isPartOf\":{\"@id\":\"https:\\\/\\\/roadtales.de\\\/el-chalten\"},\"author\":{\"name\":\"Sarah\",\"@id\":\"https:\\\/\\\/roadtales.de\\\/#\\\/schema\\\/person\\\/1e68636375004def3d491f4977d362d0\"},\"headline\":\"El Chalt\u00e9n \u2013 Das Outdoor Paradies Patagoniens: Wanderungen, Highlights &amp; Tipps\",\"datePublished\":\"2025-11-09T18:19:21+00:00\",\"dateModified\":\"2026-04-01T18:36:25+00:00\",\"mainEntityOfPage\":{\"@id\":\"https:\\\/\\\/roadtales.de\\\/el-chalten\"},\"wordCount\":4719,\"commentCount\":0,\"publisher\":{\"@id\":\"https:\\\/\\\/roadtales.de\\\/#\\\/schema\\\/person\\\/1e68636375004def3d491f4977d362d0\"},\"image\":{\"@id\":\"https:\\\/\\\/roadtales.de\\\/el-chalten#primaryimage\"},\"thumbnailUrl\":\"https:\\\/\\\/roadtales.de\\\/wp-content\\\/uploads\\\/2025\\\/11\\\/Laguna-de-los-Tres-zum-Sonnenaufgang.jpg\",\"keywords\":[\"Nationalparks\",\"Patagonien\",\"Reisebericht\",\"wandern\"],\"articleSection\":[\"Argentinien\",\"S\u00fcdamerika\"],\"inLanguage\":\"en-GB\",\"potentialAction\":[{\"@type\":\"CommentAction\",\"name\":\"Comment\",\"target\":[\"https:\\\/\\\/roadtales.de\\\/el-chalten#respond\"]}]},{\"@type\":[\"WebPage\",\"FAQPage\"],\"@id\":\"https:\\\/\\\/roadtales.de\\\/el-chalten\",\"url\":\"https:\\\/\\\/roadtales.de\\\/el-chalten\",\"name\":\"El Chalt\u00e9n Patagonien \u2013 Wanderungen, Highlights & Tipps\",\"isPartOf\":{\"@id\":\"https:\\\/\\\/roadtales.de\\\/#website\"},\"primaryImageOfPage\":{\"@id\":\"https:\\\/\\\/roadtales.de\\\/el-chalten#primaryimage\"},\"image\":{\"@id\":\"https:\\\/\\\/roadtales.de\\\/el-chalten#primaryimage\"},\"thumbnailUrl\":\"https:\\\/\\\/roadtales.de\\\/wp-content\\\/uploads\\\/2025\\\/11\\\/Laguna-de-los-Tres-zum-Sonnenaufgang.jpg\",\"datePublished\":\"2025-11-09T18:19:21+00:00\",\"dateModified\":\"2026-04-01T18:36:25+00:00\",\"description\":\"Entdecke El Chalt\u00e9n, das Wander- und Outdoorparadies Patagoniens. Alle Highlights, Tipps, Routen & Infos f\u00fcr deine Reise nach Argentinien\",\"breadcrumb\":{\"@id\":\"https:\\\/\\\/roadtales.de\\\/el-chalten#breadcrumb\"},\"mainEntity\":[{\"@id\":\"https:\\\/\\\/roadtales.de\\\/el-chalten#faq-question-1762092512161\"},{\"@id\":\"https:\\\/\\\/roadtales.de\\\/el-chalten#faq-question-1762092528280\"},{\"@id\":\"https:\\\/\\\/roadtales.de\\\/el-chalten#faq-question-1762092538764\"},{\"@id\":\"https:\\\/\\\/roadtales.de\\\/el-chalten#faq-question-1762092552876\"},{\"@id\":\"https:\\\/\\\/roadtales.de\\\/el-chalten#faq-question-1762092581024\"},{\"@id\":\"https:\\\/\\\/roadtales.de\\\/el-chalten#faq-question-1762092591736\"},{\"@id\":\"https:\\\/\\\/roadtales.de\\\/el-chalten#faq-question-1762092605716\"},{\"@id\":\"https:\\\/\\\/roadtales.de\\\/el-chalten#faq-question-1762092620289\"},{\"@id\":\"https:\\\/\\\/roadtales.de\\\/el-chalten#faq-question-1762092641195\"},{\"@id\":\"https:\\\/\\\/roadtales.de\\\/el-chalten#faq-question-1762092651328\"},{\"@id\":\"https:\\\/\\\/roadtales.de\\\/el-chalten#faq-question-1762092666389\"},{\"@id\":\"https:\\\/\\\/roadtales.de\\\/el-chalten#faq-question-1762092677587\"},{\"@id\":\"https:\\\/\\\/roadtales.de\\\/el-chalten#faq-question-1762092688814\"},{\"@id\":\"https:\\\/\\\/roadtales.de\\\/el-chalten#faq-question-1762092699343\"},{\"@id\":\"https:\\\/\\\/roadtales.de\\\/el-chalten#faq-question-1762093190295\"}],\"inLanguage\":\"en-GB\",\"potentialAction\":[{\"@type\":\"ReadAction\",\"target\":[\"https:\\\/\\\/roadtales.de\\\/el-chalten\"]}]},{\"@type\":\"ImageObject\",\"inLanguage\":\"en-GB\",\"@id\":\"https:\\\/\\\/roadtales.de\\\/el-chalten#primaryimage\",\"url\":\"https:\\\/\\\/roadtales.de\\\/wp-content\\\/uploads\\\/2025\\\/11\\\/Laguna-de-los-Tres-zum-Sonnenaufgang.jpg\",\"contentUrl\":\"https:\\\/\\\/roadtales.de\\\/wp-content\\\/uploads\\\/2025\\\/11\\\/Laguna-de-los-Tres-zum-Sonnenaufgang.jpg\",\"width\":1932,\"height\":1288,\"caption\":\"Laguna de los Tres zum Sonnenaufgang\"},{\"@type\":\"BreadcrumbList\",\"@id\":\"https:\\\/\\\/roadtales.de\\\/el-chalten#breadcrumb\",\"itemListElement\":[{\"@type\":\"ListItem\",\"position\":1,\"name\":\"Startseite\",\"item\":\"https:\\\/\\\/roadtales.de\\\/\"},{\"@type\":\"ListItem\",\"position\":2,\"name\":\"El Chalt\u00e9n \u2013 Das Outdoor Paradies Patagoniens: Wanderungen, Highlights &amp; Tipps\"}]},{\"@type\":\"WebSite\",\"@id\":\"https:\\\/\\\/roadtales.de\\\/#website\",\"url\":\"https:\\\/\\\/roadtales.de\\\/\",\"name\":\"Roadtales\",\"description\":\"Overlanding, Camperausbau &amp; Reiseabenteuer\",\"publisher\":{\"@id\":\"https:\\\/\\\/roadtales.de\\\/#\\\/schema\\\/person\\\/1e68636375004def3d491f4977d362d0\"},\"potentialAction\":[{\"@type\":\"SearchAction\",\"target\":{\"@type\":\"EntryPoint\",\"urlTemplate\":\"https:\\\/\\\/roadtales.de\\\/?s={search_term_string}\"},\"query-input\":{\"@type\":\"PropertyValueSpecification\",\"valueRequired\":true,\"valueName\":\"search_term_string\"}}],\"inLanguage\":\"en-GB\"},{\"@type\":[\"Person\",\"Organization\"],\"@id\":\"https:\\\/\\\/roadtales.de\\\/#\\\/schema\\\/person\\\/1e68636375004def3d491f4977d362d0\",\"name\":\"Sarah\",\"image\":{\"@type\":\"ImageObject\",\"inLanguage\":\"en-GB\",\"@id\":\"https:\\\/\\\/roadtales.de\\\/wp-content\\\/uploads\\\/2023\\\/11\\\/Gotland-Restaurants-Sarah-Roadtales.jpg\",\"url\":\"https:\\\/\\\/roadtales.de\\\/wp-content\\\/uploads\\\/2023\\\/11\\\/Gotland-Restaurants-Sarah-Roadtales.jpg\",\"contentUrl\":\"https:\\\/\\\/roadtales.de\\\/wp-content\\\/uploads\\\/2023\\\/11\\\/Gotland-Restaurants-Sarah-Roadtales.jpg\",\"width\":660,\"height\":880,\"caption\":\"Sarah\"},\"logo\":{\"@id\":\"https:\\\/\\\/roadtales.de\\\/wp-content\\\/uploads\\\/2023\\\/11\\\/Gotland-Restaurants-Sarah-Roadtales.jpg\"},\"description\":\"Ich bin Sarah. Geboren 1990 im S\u00fcden von Deutschland an der Grenze zur Schweiz. Nach dem Abi hat es mich ins Ausland gezogen f\u00fcr ein Jahr nach Lesotho. Zwischen Bachelor uns Master war ich dann in S\u00fcdostasien reisen und habe meinen Master schlussendlich in Schweden gemacht. Nach einigen Jahren im Berufsleben, habe ich mich dann in ein Abenteuer gewagt und habe mit meinem Freund unseren Camper ausgebaut und nach S\u00fcdamerika verschifft. Seither erkunden wir gemeinsam mit viel Abenteuerlust und Neugierde diesen wundersch\u00f6nen Kontinent.\",\"sameAs\":[\"https:\\\/\\\/roadtales.de\",\"https:\\\/\\\/instagram.com\\\/_roadtales\\\/\"],\"url\":\"https:\\\/\\\/roadtales.de\\\/en\\\/author\\\/sarah\"},{\"@type\":\"Question\",\"@id\":\"https:\\\/\\\/roadtales.de\\\/el-chalten#faq-question-1762092512161\",\"position\":1,\"url\":\"https:\\\/\\\/roadtales.de\\\/el-chalten#faq-question-1762092512161\",\"name\":\"Wie komme ich nach El Chalt\u00e9n?\",\"answerCount\":1,\"acceptedAnswer\":{\"@type\":\"Answer\",\"text\":\"Die meisten Reisenden erreichen El Chalt\u00e9n \u00fcber El Calafate, wo sich der n\u00e4chste Flughafen befindet. Von dort fahren mehrmals t\u00e4glich Busse (ca. 3 Stunden) nach El Chalt\u00e9n. Alternativ kann man auch mit dem Mietwagen anreisen, die Stra\u00dfe ist asphaltiert.\",\"inLanguage\":\"en-GB\"},\"inLanguage\":\"en-GB\"},{\"@type\":\"Question\",\"@id\":\"https:\\\/\\\/roadtales.de\\\/el-chalten#faq-question-1762092528280\",\"position\":2,\"url\":\"https:\\\/\\\/roadtales.de\\\/el-chalten#faq-question-1762092528280\",\"name\":\"Was sind die bekanntesten Wanderungen in El Chalt\u00e9n?\",\"answerCount\":1,\"acceptedAnswer\":{\"@type\":\"Answer\",\"text\":\"Zu den beliebtesten Wanderungen geh\u00f6ren Laguna de los Tres, Laguna Torre, Loma del Pliegue Tumbado, Laguna Capri, Mirador de los C\u00f3ndores und Mirador de las \u00c1guilas, sowie Chorrillo del Salto. F\u00fcr erfahrene Trekker, die gerne Mehrtagestouren mit dem eigenen Zelt machen, ist der Huemul Circuit eine der Option.\",\"inLanguage\":\"en-GB\"},\"inLanguage\":\"en-GB\"},{\"@type\":\"Question\",\"@id\":\"https:\\\/\\\/roadtales.de\\\/el-chalten#faq-question-1762092538764\",\"position\":3,\"url\":\"https:\\\/\\\/roadtales.de\\\/el-chalten#faq-question-1762092538764\",\"name\":\"Kann man in El Chalt\u00e9n campen?\",\"answerCount\":1,\"acceptedAnswer\":{\"@type\":\"Answer\",\"text\":\"Ja. Im Nationalpark gibt es mehrere Campingpl\u00e4tze entlang der Wanderwege. Im Ort bieten einige Hotels und Hostesl Camping im Garten an.\u00a0\",\"inLanguage\":\"en-GB\"},\"inLanguage\":\"en-GB\"},{\"@type\":\"Question\",\"@id\":\"https:\\\/\\\/roadtales.de\\\/el-chalten#faq-question-1762092552876\",\"position\":4,\"url\":\"https:\\\/\\\/roadtales.de\\\/el-chalten#faq-question-1762092552876\",\"name\":\"Wann ist die beste Reisezeit f\u00fcr El Chalt\u00e9n?\",\"answerCount\":1,\"acceptedAnswer\":{\"@type\":\"Answer\",\"text\":\"Die beste Zeit zum Wandern ist von November bis M\u00e4rz, also im patagonischen Sommer. Dann sind die Tage lang und die Temperaturen mild (10\u201320 \u00b0C). Das Wetter kann jedoch sehr wechselhaft sein.\",\"inLanguage\":\"en-GB\"},\"inLanguage\":\"en-GB\"},{\"@type\":\"Question\",\"@id\":\"https:\\\/\\\/roadtales.de\\\/el-chalten#faq-question-1762092581024\",\"position\":5,\"url\":\"https:\\\/\\\/roadtales.de\\\/el-chalten#faq-question-1762092581024\",\"name\":\"Wie ist das Wetter in El Chalt\u00e9n?\",\"answerCount\":1,\"acceptedAnswer\":{\"@type\":\"Answer\",\"text\":\"Das Wetter ist typischerweise wechselhaft, windig und unberechenbar - typisches patagonisches Wetter also. An einem Tag kann Sonne, Regen und Schnee auftreten. Gute Kleidung und Zwiebellook ist Pflicht.\",\"inLanguage\":\"en-GB\"},\"inLanguage\":\"en-GB\"},{\"@type\":\"Question\",\"@id\":\"https:\\\/\\\/roadtales.de\\\/el-chalten#faq-question-1762092591736\",\"position\":6,\"url\":\"https:\\\/\\\/roadtales.de\\\/el-chalten#faq-question-1762092591736\",\"name\":\"Kann ich Ausr\u00fcstung in El Chalt\u00e9n leihen?\",\"answerCount\":1,\"acceptedAnswer\":{\"@type\":\"Answer\",\"text\":\"Ja, in El Chalt\u00e9n gibt es mehrere Outdoor Gesch\u00e4fte, in denen Zelte, Schlafs\u00e4cke, Isomatten, Kocher, Trekkingst\u00f6cke etc. ausgeliehen werden k\u00f6nnen. Frage am Besten im Vorfeld an, um sicherzugehen, dass das was du brauchst auch verf\u00fcgbar ist.\",\"inLanguage\":\"en-GB\"},\"inLanguage\":\"en-GB\"},{\"@type\":\"Question\",\"@id\":\"https:\\\/\\\/roadtales.de\\\/el-chalten#faq-question-1762092605716\",\"position\":7,\"url\":\"https:\\\/\\\/roadtales.de\\\/el-chalten#faq-question-1762092605716\",\"name\":\"Wie sind die Preise in El Chalt\u00e9n?\",\"answerCount\":1,\"acceptedAnswer\":{\"@type\":\"Answer\",\"text\":\"El Chalt\u00e9n ist touristisch, dementsprechend liegt das Preisniveau \u00fcber dem f\u00fcr Argentinien typischen. Dennoch ist El Chalt\u00e9n etwas g\u00fcnstiger als Torres del Paine.\u00a0\",\"inLanguage\":\"en-GB\"},\"inLanguage\":\"en-GB\"},{\"@type\":\"Question\",\"@id\":\"https:\\\/\\\/roadtales.de\\\/el-chalten#faq-question-1762092620289\",\"position\":8,\"url\":\"https:\\\/\\\/roadtales.de\\\/el-chalten#faq-question-1762092620289\",\"name\":\"Gibt es Internet und Handyempfang in El Chalt\u00e9n?\",\"answerCount\":1,\"acceptedAnswer\":{\"@type\":\"Answer\",\"text\":\"Es gibt WLAN in Caf\u00e9s und Unterk\u00fcnften, die Verbindung ist jedoch oft langsam und unzuverl\u00e4ssig. Mobilfunkempfang funktioniert nur teilweise. Offline-Karten-Apps wie Maps.me oder AllTrails sind empfehlenswert.\",\"inLanguage\":\"en-GB\"},\"inLanguage\":\"en-GB\"},{\"@type\":\"Question\",\"@id\":\"https:\\\/\\\/roadtales.de\\\/el-chalten#faq-question-1762092641195\",\"position\":9,\"url\":\"https:\\\/\\\/roadtales.de\\\/el-chalten#faq-question-1762092641195\",\"name\":\"Ist El Chalt\u00e9n sicher?\",\"answerCount\":1,\"acceptedAnswer\":{\"@type\":\"Answer\",\"text\":\"Ja, El Chalt\u00e9n gilt als sehr sicher. Kriminalit\u00e4t ist \u00e4u\u00dferst selten. Das gr\u00f6\u00dfte Risiko besteht vor allem bei unvorbereiteten Wanderungen oder pl\u00f6tzlichen Wetterumschw\u00fcngen.\",\"inLanguage\":\"en-GB\"},\"inLanguage\":\"en-GB\"},{\"@type\":\"Question\",\"@id\":\"https:\\\/\\\/roadtales.de\\\/el-chalten#faq-question-1762092651328\",\"position\":10,\"url\":\"https:\\\/\\\/roadtales.de\\\/el-chalten#faq-question-1762092651328\",\"name\":\"Gibt es Wildtiere in der Umgebung?\",\"answerCount\":1,\"acceptedAnswer\":{\"@type\":\"Answer\",\"text\":\"Ja, im Los Glaciares Nationalpark leben beispielsweise Guanacos, F\u00fcchse, Kondore, und der Huemul-Hirsch. Mit etwas Gl\u00fcck kannst du diese auf einer Wanderung entdekcken. Bitte halte ausreichend Abstand ein.\",\"inLanguage\":\"en-GB\"},\"inLanguage\":\"en-GB\"},{\"@type\":\"Question\",\"@id\":\"https:\\\/\\\/roadtales.de\\\/el-chalten#faq-question-1762092666389\",\"position\":11,\"url\":\"https:\\\/\\\/roadtales.de\\\/el-chalten#faq-question-1762092666389\",\"name\":\"Wie viele Tage sollte ich f\u00fcr El Chalt\u00e9n einplanen?\",\"answerCount\":1,\"acceptedAnswer\":{\"@type\":\"Answer\",\"text\":\"Das Angebot in El Chalt\u00e9n ist sehr vielseitig. Du solltest mindestens 3 - 4 Tage einplanen, um die wichtigsten Wanderungen wie Laguna de los Tres und Laguna Torre zu machen. Wer mehr Zeit hat, kann auch k\u00fcrzere Touren oder andere Aktivit\u00e4ten machen oder hat die M\u00f6glichkeit Schlechtwettertage einzuplanen und auszusitzen.\",\"inLanguage\":\"en-GB\"},\"inLanguage\":\"en-GB\"},{\"@type\":\"Question\",\"@id\":\"https:\\\/\\\/roadtales.de\\\/el-chalten#faq-question-1762092677587\",\"position\":12,\"url\":\"https:\\\/\\\/roadtales.de\\\/el-chalten#faq-question-1762092677587\",\"name\":\"Wie ist die Bargeldversorgung in El Chalt\u00e9n?\",\"answerCount\":1,\"acceptedAnswer\":{\"@type\":\"Answer\",\"text\":\"In El Chalt\u00e9n solltest du dich auf eine eingeschr\u00e4nkte Bargeldversorgung einstellen. Zwar gibt es seit kurzem eine Western Union Filiale, allerdings kannst u dich nicht darauf verlassen, dass diese ausreichend Banknoten vorr\u00e4tig hat. Nimm am Besten genug Bargeld mit.\",\"inLanguage\":\"en-GB\"},\"inLanguage\":\"en-GB\"},{\"@type\":\"Question\",\"@id\":\"https:\\\/\\\/roadtales.de\\\/el-chalten#faq-question-1762092688814\",\"position\":13,\"url\":\"https:\\\/\\\/roadtales.de\\\/el-chalten#faq-question-1762092688814\",\"name\":\"Kann man in El Chalt\u00e9n mit Karte bezahlen?\",\"answerCount\":1,\"acceptedAnswer\":{\"@type\":\"Answer\",\"text\":\"Ja, in dem meisten Restaurants und Gesch\u00e4ften ist Kartenzahlung m\u00f6glich. Wenn du noch nach einer guten Reisekreditkarte suchst k\u00f6nnen wir die <a href=\\\"https:\\\/\\\/roadtales.de\\\/dkb-kreditkarte-oder-debitkarte\\\" target=\\\"_blank\\\" rel=\\\"noreferrer noopener\\\">DKB Visa Debit Karte<\\\/a> oder die <a href=\\\"https:\\\/\\\/roadtales.de\\\/bank-norwegian-visa-reisekreditkarte\\\" target=\\\"_blank\\\" rel=\\\"noreferrer noopener\\\">Kreditkarte der Bank Norwegian<\\\/a> empfehlen.\u00a0\",\"inLanguage\":\"en-GB\"},\"inLanguage\":\"en-GB\"},{\"@type\":\"Question\",\"@id\":\"https:\\\/\\\/roadtales.de\\\/el-chalten#faq-question-1762092699343\",\"position\":14,\"url\":\"https:\\\/\\\/roadtales.de\\\/el-chalten#faq-question-1762092699343\",\"name\":\"Gibt es Einkaufsm\u00f6glichkeiten und Restaurants in El Chalt\u00e9n?\",\"answerCount\":1,\"acceptedAnswer\":{\"@type\":\"Answer\",\"text\":\"Ja, der Ort hat einen kleinen Supermarkt, B\u00e4ckereien, Caf\u00e9s und Restaurants. Die Auswahl ist f\u00fcr den kleinen Ort relativ gro\u00df. In Outdoorgesch\u00e4ften gibt es Campingnahrung und es gibt sogar einen kleinen Biosupermarkt im Ort mit veganen Produkten.\",\"inLanguage\":\"en-GB\"},\"inLanguage\":\"en-GB\"},{\"@type\":\"Question\",\"@id\":\"https:\\\/\\\/roadtales.de\\\/el-chalten#faq-question-1762093190295\",\"position\":15,\"url\":\"https:\\\/\\\/roadtales.de\\\/el-chalten#faq-question-1762093190295\",\"name\":\"Was kosten Wanderungen im Los Glaciares Nationalpark in El Chalt\u00e9n?\",\"answerCount\":1,\"acceptedAnswer\":{\"@type\":\"Answer\",\"text\":\"Seit November 2024 muss auch in El Chalt\u00e9n Eintritt f\u00fcr den Nationalpark gezahlt werden. Eine \u00dcbersicht \u00fcber die Preiskategorien findest du <a href=\\\"https:\\\/\\\/www.argentina.gob.ar\\\/interior\\\/ambiente\\\/parquesnacionales\\\/tarifas\\\" target=\\\"_blank\\\" rel=\\\"noreferrer noopener\\\">hier<\\\/a>. Dort kannst du auch direkt online ein Ticket kaufen.\",\"inLanguage\":\"en-GB\"},\"inLanguage\":\"en-GB\"}]}<\/script>\n<!-- \/ Yoast SEO plugin. -->","yoast_head_json":{"title":"El Chalt\u00e9n Patagonien \u2013 Wanderungen, Highlights & Tipps","description":"Entdecke El Chalt\u00e9n, das Wander- und Outdoorparadies Patagoniens. Alle Highlights, Tipps, Routen & Infos f\u00fcr deine Reise nach Argentinien","robots":{"index":"index","follow":"follow","max-snippet":"max-snippet:-1","max-image-preview":"max-image-preview:large","max-video-preview":"max-video-preview:-1"},"canonical":"https:\/\/roadtales.de\/en\/el-chalten\/","og_locale":"en_GB","og_type":"article","og_title":"El Chalt\u00e9n Patagonien \u2013 Wanderungen, Highlights & Tipps","og_description":"Entdecke El Chalt\u00e9n, das Wander- und Outdoorparadies Patagoniens. Alle Highlights, Tipps, Routen & Infos f\u00fcr deine Reise nach Argentinien","og_url":"https:\/\/roadtales.de\/en\/el-chalten\/","og_site_name":"Roadtales","article_published_time":"2025-11-09T18:19:21+00:00","article_modified_time":"2026-04-01T18:36:25+00:00","og_image":[{"width":1932,"height":1288,"url":"https:\/\/roadtales.de\/wp-content\/uploads\/2025\/11\/Laguna-de-los-Tres-zum-Sonnenaufgang.jpg","type":"image\/jpeg"}],"author":"Sarah","twitter_card":"summary_large_image","twitter_misc":{"Written by":"Sarah","Estimated reading time":"27 minutes"},"schema":{"@context":"https:\/\/schema.org","@graph":[{"@type":"Article","@id":"https:\/\/roadtales.de\/el-chalten#article","isPartOf":{"@id":"https:\/\/roadtales.de\/el-chalten"},"author":{"name":"Sarah","@id":"https:\/\/roadtales.de\/#\/schema\/person\/1e68636375004def3d491f4977d362d0"},"headline":"El Chalt\u00e9n \u2013 Das Outdoor Paradies Patagoniens: Wanderungen, Highlights &amp; Tipps","datePublished":"2025-11-09T18:19:21+00:00","dateModified":"2026-04-01T18:36:25+00:00","mainEntityOfPage":{"@id":"https:\/\/roadtales.de\/el-chalten"},"wordCount":4719,"commentCount":0,"publisher":{"@id":"https:\/\/roadtales.de\/#\/schema\/person\/1e68636375004def3d491f4977d362d0"},"image":{"@id":"https:\/\/roadtales.de\/el-chalten#primaryimage"},"thumbnailUrl":"https:\/\/roadtales.de\/wp-content\/uploads\/2025\/11\/Laguna-de-los-Tres-zum-Sonnenaufgang.jpg","keywords":["Nationalparks","Patagonien","Reisebericht","wandern"],"articleSection":["Argentinien","S\u00fcdamerika"],"inLanguage":"en-GB","potentialAction":[{"@type":"CommentAction","name":"Comment","target":["https:\/\/roadtales.de\/el-chalten#respond"]}]},{"@type":["WebPage","FAQPage"],"@id":"https:\/\/roadtales.de\/el-chalten","url":"https:\/\/roadtales.de\/el-chalten","name":"El Chalt\u00e9n Patagonien \u2013 Wanderungen, Highlights & Tipps","isPartOf":{"@id":"https:\/\/roadtales.de\/#website"},"primaryImageOfPage":{"@id":"https:\/\/roadtales.de\/el-chalten#primaryimage"},"image":{"@id":"https:\/\/roadtales.de\/el-chalten#primaryimage"},"thumbnailUrl":"https:\/\/roadtales.de\/wp-content\/uploads\/2025\/11\/Laguna-de-los-Tres-zum-Sonnenaufgang.jpg","datePublished":"2025-11-09T18:19:21+00:00","dateModified":"2026-04-01T18:36:25+00:00","description":"Entdecke El Chalt\u00e9n, das Wander- und Outdoorparadies Patagoniens. Alle Highlights, Tipps, Routen & Infos f\u00fcr deine Reise nach Argentinien","breadcrumb":{"@id":"https:\/\/roadtales.de\/el-chalten#breadcrumb"},"mainEntity":[{"@id":"https:\/\/roadtales.de\/el-chalten#faq-question-1762092512161"},{"@id":"https:\/\/roadtales.de\/el-chalten#faq-question-1762092528280"},{"@id":"https:\/\/roadtales.de\/el-chalten#faq-question-1762092538764"},{"@id":"https:\/\/roadtales.de\/el-chalten#faq-question-1762092552876"},{"@id":"https:\/\/roadtales.de\/el-chalten#faq-question-1762092581024"},{"@id":"https:\/\/roadtales.de\/el-chalten#faq-question-1762092591736"},{"@id":"https:\/\/roadtales.de\/el-chalten#faq-question-1762092605716"},{"@id":"https:\/\/roadtales.de\/el-chalten#faq-question-1762092620289"},{"@id":"https:\/\/roadtales.de\/el-chalten#faq-question-1762092641195"},{"@id":"https:\/\/roadtales.de\/el-chalten#faq-question-1762092651328"},{"@id":"https:\/\/roadtales.de\/el-chalten#faq-question-1762092666389"},{"@id":"https:\/\/roadtales.de\/el-chalten#faq-question-1762092677587"},{"@id":"https:\/\/roadtales.de\/el-chalten#faq-question-1762092688814"},{"@id":"https:\/\/roadtales.de\/el-chalten#faq-question-1762092699343"},{"@id":"https:\/\/roadtales.de\/el-chalten#faq-question-1762093190295"}],"inLanguage":"en-GB","potentialAction":[{"@type":"ReadAction","target":["https:\/\/roadtales.de\/el-chalten"]}]},{"@type":"ImageObject","inLanguage":"en-GB","@id":"https:\/\/roadtales.de\/el-chalten#primaryimage","url":"https:\/\/roadtales.de\/wp-content\/uploads\/2025\/11\/Laguna-de-los-Tres-zum-Sonnenaufgang.jpg","contentUrl":"https:\/\/roadtales.de\/wp-content\/uploads\/2025\/11\/Laguna-de-los-Tres-zum-Sonnenaufgang.jpg","width":1932,"height":1288,"caption":"Laguna de los Tres zum Sonnenaufgang"},{"@type":"BreadcrumbList","@id":"https:\/\/roadtales.de\/el-chalten#breadcrumb","itemListElement":[{"@type":"ListItem","position":1,"name":"Startseite","item":"https:\/\/roadtales.de\/"},{"@type":"ListItem","position":2,"name":"El Chalt\u00e9n \u2013 Das Outdoor Paradies Patagoniens: Wanderungen, Highlights &amp; Tipps"}]},{"@type":"WebSite","@id":"https:\/\/roadtales.de\/#website","url":"https:\/\/roadtales.de\/","name":"Roadtales","description":"Overlanding, Camperausbau &amp; Reiseabenteuer","publisher":{"@id":"https:\/\/roadtales.de\/#\/schema\/person\/1e68636375004def3d491f4977d362d0"},"potentialAction":[{"@type":"SearchAction","target":{"@type":"EntryPoint","urlTemplate":"https:\/\/roadtales.de\/?s={search_term_string}"},"query-input":{"@type":"PropertyValueSpecification","valueRequired":true,"valueName":"search_term_string"}}],"inLanguage":"en-GB"},{"@type":["Person","Organization"],"@id":"https:\/\/roadtales.de\/#\/schema\/person\/1e68636375004def3d491f4977d362d0","name":"Sarah","image":{"@type":"ImageObject","inLanguage":"en-GB","@id":"https:\/\/roadtales.de\/wp-content\/uploads\/2023\/11\/Gotland-Restaurants-Sarah-Roadtales.jpg","url":"https:\/\/roadtales.de\/wp-content\/uploads\/2023\/11\/Gotland-Restaurants-Sarah-Roadtales.jpg","contentUrl":"https:\/\/roadtales.de\/wp-content\/uploads\/2023\/11\/Gotland-Restaurants-Sarah-Roadtales.jpg","width":660,"height":880,"caption":"Sarah"},"logo":{"@id":"https:\/\/roadtales.de\/wp-content\/uploads\/2023\/11\/Gotland-Restaurants-Sarah-Roadtales.jpg"},"description":"I am Sarah. Born in 1990 in the south of Germany, near the Swiss border. After finishing high school, I moved abroad for a year to Lesotho. Between my bachelor's and master's degrees, I traveled through Southeast Asia and eventually completed my master's in Sweden. After a few years in the workforce, I embarked on an adventure with my boyfriend, converting our camper and shipping it to South America. Since then, we have been exploring this beautiful continent together with a lot of adventurous spirit and curiosity.","sameAs":["https:\/\/roadtales.de","https:\/\/instagram.com\/_roadtales\/"],"url":"https:\/\/roadtales.de\/en\/author\/sarah"},{"@type":"Question","@id":"https:\/\/roadtales.de\/el-chalten#faq-question-1762092512161","position":1,"url":"https:\/\/roadtales.de\/el-chalten#faq-question-1762092512161","name":"How do I get to El Chalt\u00e9n?","answerCount":1,"acceptedAnswer":{"@type":"Answer","text":"Die meisten Reisenden erreichen El Chalt\u00e9n \u00fcber El Calafate, wo sich der n\u00e4chste Flughafen befindet. Von dort fahren mehrmals t\u00e4glich Busse (ca. 3 Stunden) nach El Chalt\u00e9n. Alternativ kann man auch mit dem Mietwagen anreisen, die Stra\u00dfe ist asphaltiert.","inLanguage":"en-GB"},"inLanguage":"en-GB"},{"@type":"Question","@id":"https:\/\/roadtales.de\/el-chalten#faq-question-1762092528280","position":2,"url":"https:\/\/roadtales.de\/el-chalten#faq-question-1762092528280","name":"What are the most popular hikes in El Chalt\u00e9n?","answerCount":1,"acceptedAnswer":{"@type":"Answer","text":"Zu den beliebtesten Wanderungen geh\u00f6ren Laguna de los Tres, Laguna Torre, Loma del Pliegue Tumbado, Laguna Capri, Mirador de los C\u00f3ndores und Mirador de las \u00c1guilas, sowie Chorrillo del Salto. F\u00fcr erfahrene Trekker, die gerne Mehrtagestouren mit dem eigenen Zelt machen, ist der Huemul Circuit eine der Option.","inLanguage":"en-GB"},"inLanguage":"en-GB"},{"@type":"Question","@id":"https:\/\/roadtales.de\/el-chalten#faq-question-1762092538764","position":3,"url":"https:\/\/roadtales.de\/el-chalten#faq-question-1762092538764","name":"Can you camp in El Chalt\u00e9n?","answerCount":1,"acceptedAnswer":{"@type":"Answer","text":"Ja. Im Nationalpark gibt es mehrere Campingpl\u00e4tze entlang der Wanderwege. Im Ort bieten einige Hotels und Hostesl Camping im Garten an.\u00a0","inLanguage":"en-GB"},"inLanguage":"en-GB"},{"@type":"Question","@id":"https:\/\/roadtales.de\/el-chalten#faq-question-1762092552876","position":4,"url":"https:\/\/roadtales.de\/el-chalten#faq-question-1762092552876","name":"When is the best time to visit El Chalt\u00e9n?","answerCount":1,"acceptedAnswer":{"@type":"Answer","text":"Die beste Zeit zum Wandern ist von November bis M\u00e4rz, also im patagonischen Sommer. Dann sind die Tage lang und die Temperaturen mild (10\u201320 \u00b0C). Das Wetter kann jedoch sehr wechselhaft sein.","inLanguage":"en-GB"},"inLanguage":"en-GB"},{"@type":"Question","@id":"https:\/\/roadtales.de\/el-chalten#faq-question-1762092581024","position":5,"url":"https:\/\/roadtales.de\/el-chalten#faq-question-1762092581024","name":"What is the weather like in El Chalt\u00e9n?","answerCount":1,"acceptedAnswer":{"@type":"Answer","text":"Das Wetter ist typischerweise wechselhaft, windig und unberechenbar - typisches patagonisches Wetter also. An einem Tag kann Sonne, Regen und Schnee auftreten. Gute Kleidung und Zwiebellook ist Pflicht.","inLanguage":"en-GB"},"inLanguage":"en-GB"},{"@type":"Question","@id":"https:\/\/roadtales.de\/el-chalten#faq-question-1762092591736","position":6,"url":"https:\/\/roadtales.de\/el-chalten#faq-question-1762092591736","name":"Can I rent gear in El Chalt\u00e9n?","answerCount":1,"acceptedAnswer":{"@type":"Answer","text":"Ja, in El Chalt\u00e9n gibt es mehrere Outdoor Gesch\u00e4fte, in denen Zelte, Schlafs\u00e4cke, Isomatten, Kocher, Trekkingst\u00f6cke etc. ausgeliehen werden k\u00f6nnen. Frage am Besten im Vorfeld an, um sicherzugehen, dass das was du brauchst auch verf\u00fcgbar ist.","inLanguage":"en-GB"},"inLanguage":"en-GB"},{"@type":"Question","@id":"https:\/\/roadtales.de\/el-chalten#faq-question-1762092605716","position":7,"url":"https:\/\/roadtales.de\/el-chalten#faq-question-1762092605716","name":"What are the prices like in El Chalt\u00e9n?","answerCount":1,"acceptedAnswer":{"@type":"Answer","text":"El Chalt\u00e9n ist touristisch, dementsprechend liegt das Preisniveau \u00fcber dem f\u00fcr Argentinien typischen. Dennoch ist El Chalt\u00e9n etwas g\u00fcnstiger als Torres del Paine.\u00a0","inLanguage":"en-GB"},"inLanguage":"en-GB"},{"@type":"Question","@id":"https:\/\/roadtales.de\/el-chalten#faq-question-1762092620289","position":8,"url":"https:\/\/roadtales.de\/el-chalten#faq-question-1762092620289","name":"Is there internet and mobile reception in El Chalt\u00e9n?","answerCount":1,"acceptedAnswer":{"@type":"Answer","text":"Es gibt WLAN in Caf\u00e9s und Unterk\u00fcnften, die Verbindung ist jedoch oft langsam und unzuverl\u00e4ssig. Mobilfunkempfang funktioniert nur teilweise. Offline-Karten-Apps wie Maps.me oder AllTrails sind empfehlenswert.","inLanguage":"en-GB"},"inLanguage":"en-GB"},{"@type":"Question","@id":"https:\/\/roadtales.de\/el-chalten#faq-question-1762092641195","position":9,"url":"https:\/\/roadtales.de\/el-chalten#faq-question-1762092641195","name":"Is El Chalt\u00e9n safe?","answerCount":1,"acceptedAnswer":{"@type":"Answer","text":"Ja, El Chalt\u00e9n gilt als sehr sicher. Kriminalit\u00e4t ist \u00e4u\u00dferst selten. Das gr\u00f6\u00dfte Risiko besteht vor allem bei unvorbereiteten Wanderungen oder pl\u00f6tzlichen Wetterumschw\u00fcngen.","inLanguage":"en-GB"},"inLanguage":"en-GB"},{"@type":"Question","@id":"https:\/\/roadtales.de\/el-chalten#faq-question-1762092651328","position":10,"url":"https:\/\/roadtales.de\/el-chalten#faq-question-1762092651328","name":"Are there wild animals in the area?","answerCount":1,"acceptedAnswer":{"@type":"Answer","text":"Ja, im Los Glaciares Nationalpark leben beispielsweise Guanacos, F\u00fcchse, Kondore, und der Huemul-Hirsch. Mit etwas Gl\u00fcck kannst du diese auf einer Wanderung entdekcken. Bitte halte ausreichend Abstand ein.","inLanguage":"en-GB"},"inLanguage":"en-GB"},{"@type":"Question","@id":"https:\/\/roadtales.de\/el-chalten#faq-question-1762092666389","position":11,"url":"https:\/\/roadtales.de\/el-chalten#faq-question-1762092666389","name":"Wie viele Tage sollte ich f\u00fcr El Chalt\u00e9n einplanen?","answerCount":1,"acceptedAnswer":{"@type":"Answer","text":"Das Angebot in El Chalt\u00e9n ist sehr vielseitig. Du solltest mindestens 3 - 4 Tage einplanen, um die wichtigsten Wanderungen wie Laguna de los Tres und Laguna Torre zu machen. Wer mehr Zeit hat, kann auch k\u00fcrzere Touren oder andere Aktivit\u00e4ten machen oder hat die M\u00f6glichkeit Schlechtwettertage einzuplanen und auszusitzen.","inLanguage":"en-GB"},"inLanguage":"en-GB"},{"@type":"Question","@id":"https:\/\/roadtales.de\/el-chalten#faq-question-1762092677587","position":12,"url":"https:\/\/roadtales.de\/el-chalten#faq-question-1762092677587","name":"How many days should I plan for El Chalt\u00e9n?","answerCount":1,"acceptedAnswer":{"@type":"Answer","text":"In El Chalt\u00e9n solltest du dich auf eine eingeschr\u00e4nkte Bargeldversorgung einstellen. Zwar gibt es seit kurzem eine Western Union Filiale, allerdings kannst u dich nicht darauf verlassen, dass diese ausreichend Banknoten vorr\u00e4tig hat. Nimm am Besten genug Bargeld mit.","inLanguage":"en-GB"},"inLanguage":"en-GB"},{"@type":"Question","@id":"https:\/\/roadtales.de\/el-chalten#faq-question-1762092688814","position":13,"url":"https:\/\/roadtales.de\/el-chalten#faq-question-1762092688814","name":"Can you pay by card in El Chalt\u00e9n?","answerCount":1,"acceptedAnswer":{"@type":"Answer","text":"Ja, in dem meisten Restaurants und Gesch\u00e4ften ist Kartenzahlung m\u00f6glich. Wenn du noch nach einer guten Reisekreditkarte suchst k\u00f6nnen wir die <a href=\"https:\/\/roadtales.de\/dkb-kreditkarte-oder-debitkarte\" target=\"_blank\" rel=\"noreferrer noopener\">DKB Visa Debit Karte<\/a> oder die <a href=\"https:\/\/roadtales.de\/bank-norwegian-visa-reisekreditkarte\" target=\"_blank\" rel=\"noreferrer noopener\">Kreditkarte der Bank Norwegian<\/a> empfehlen.\u00a0","inLanguage":"en-GB"},"inLanguage":"en-GB"},{"@type":"Question","@id":"https:\/\/roadtales.de\/el-chalten#faq-question-1762092699343","position":14,"url":"https:\/\/roadtales.de\/el-chalten#faq-question-1762092699343","name":"Are there shopping options and restaurants in El Chalt\u00e9n?","answerCount":1,"acceptedAnswer":{"@type":"Answer","text":"Ja, der Ort hat einen kleinen Supermarkt, B\u00e4ckereien, Caf\u00e9s und Restaurants. Die Auswahl ist f\u00fcr den kleinen Ort relativ gro\u00df. In Outdoorgesch\u00e4ften gibt es Campingnahrung und es gibt sogar einen kleinen Biosupermarkt im Ort mit veganen Produkten.","inLanguage":"en-GB"},"inLanguage":"en-GB"},{"@type":"Question","@id":"https:\/\/roadtales.de\/el-chalten#faq-question-1762093190295","position":15,"url":"https:\/\/roadtales.de\/el-chalten#faq-question-1762093190295","name":"How much do hikes in Los Glaciares National Park in El Chalt\u00e9n cost?","answerCount":1,"acceptedAnswer":{"@type":"Answer","text":"Seit November 2024 muss auch in El Chalt\u00e9n Eintritt f\u00fcr den Nationalpark gezahlt werden. Eine \u00dcbersicht \u00fcber die Preiskategorien findest du <a href=\"https:\/\/www.argentina.gob.ar\/interior\/ambiente\/parquesnacionales\/tarifas\" target=\"_blank\" rel=\"noreferrer noopener\">hier<\/a>. Dort kannst du auch direkt online ein Ticket kaufen.","inLanguage":"en-GB"},"inLanguage":"en-GB"}]}},"jetpack_featured_media_url":"https:\/\/roadtales.de\/wp-content\/uploads\/2025\/11\/Laguna-de-los-Tres-zum-Sonnenaufgang.jpg","jetpack_sharing_enabled":true,"jetpack-related-posts":[{"id":3395,"url":"https:\/\/roadtales.de\/en\/reiseziele-argentinien","url_meta":{"origin":3798,"position":0},"title":"The most beautiful travel destinations in Argentina: From Patagonia to Argentina's hidden treasures","author":"Sarah","date":"11\/04\/2025","format":false,"excerpt":"Mit einer Fl\u00e4che von 2,8 Millionen km\u00b2 ist Argentinien das achtgr\u00f6\u00dfte Land der Erde. Aufgrund seiner gro\u00dfen Nord-S\u00fcd-Ausdehnung hat Argentinien Anteil an mehreren Klima- und Vegetationszonen. Eine Reise durch das zweitgr\u00f6\u00dfte Land S\u00fcdamerikas ist daher vielseitig und abwechslungsreich und bietet etwas f\u00fcr jeden Geschmack. In diesem Artikel, stellen wir dir\u2026","rel":"","context":"In &quot;Argentinien&quot;","block_context":{"text":"Argentinien","link":"https:\/\/roadtales.de\/en\/category\/reiseziele\/suedamerika\/argentinien"},"img":{"alt_text":"Das fitz roy massiv und die laguna de los tres in goldenes licht getaucht","src":"https:\/\/i0.wp.com\/roadtales.de\/wp-content\/uploads\/2025\/04\/Das-Fitz-Roy-Massiv-und-die-Laguna-de-los-Tres-in-goldenes-Licht-getaucht.jpg?resize=350%2C200&ssl=1","width":350,"height":200,"srcset":"https:\/\/i0.wp.com\/roadtales.de\/wp-content\/uploads\/2025\/04\/Das-Fitz-Roy-Massiv-und-die-Laguna-de-los-Tres-in-goldenes-Licht-getaucht.jpg?resize=350%2C200&ssl=1 1x, https:\/\/i0.wp.com\/roadtales.de\/wp-content\/uploads\/2025\/04\/Das-Fitz-Roy-Massiv-und-die-Laguna-de-los-Tres-in-goldenes-Licht-getaucht.jpg?resize=525%2C300&ssl=1 1.5x, https:\/\/i0.wp.com\/roadtales.de\/wp-content\/uploads\/2025\/04\/Das-Fitz-Roy-Massiv-und-die-Laguna-de-los-Tres-in-goldenes-Licht-getaucht.jpg?resize=700%2C400&ssl=1 2x, https:\/\/i0.wp.com\/roadtales.de\/wp-content\/uploads\/2025\/04\/Das-Fitz-Roy-Massiv-und-die-Laguna-de-los-Tres-in-goldenes-Licht-getaucht.jpg?resize=1050%2C600&ssl=1 3x, https:\/\/i0.wp.com\/roadtales.de\/wp-content\/uploads\/2025\/04\/Das-Fitz-Roy-Massiv-und-die-Laguna-de-los-Tres-in-goldenes-Licht-getaucht.jpg?resize=1400%2C800&ssl=1 4x"},"classes":[]},{"id":3110,"url":"https:\/\/roadtales.de\/en\/wandern-perito-moreno-patagonien","url_meta":{"origin":3798,"position":1},"title":"Hiking in Perito Moreno National Park: Argentina's Untouched Patagonia","author":"Sarah","date":"28\/10\/2024","format":false,"excerpt":"\u201eDas ist das echte Patagonien!\u201c sagt uns ein Einheimischer, als wir den Nationalpark Perito Moreno in Argentinien erw\u00e4hnen. Und wir m\u00fcssen ihm zustimmen. Die raue Natur, die wilde Landschaft und die Abgeschiedenheit dieses Parks verk\u00f6rpern alles, was wir mit Patagonien verbinden. Hier treffen wir auf eine unber\u00fchrte Wildnis, die uns\u2026","rel":"","context":"In &quot;Argentinien&quot;","block_context":{"text":"Argentinien","link":"https:\/\/roadtales.de\/en\/category\/reiseziele\/suedamerika\/argentinien"},"img":{"alt_text":"Ein Guanaco Steht Auf Einem Huegel Mit Blick Auf Einen See Und Schneebedeckte Berge","src":"https:\/\/i0.wp.com\/roadtales.de\/wp-content\/uploads\/2024\/10\/Ein-Guanaco-steht-auf-einem-Huegel-mit-Blick-auf-einen-See-und-schneebedeckte-Berge.jpg?resize=350%2C200&ssl=1","width":350,"height":200,"srcset":"https:\/\/i0.wp.com\/roadtales.de\/wp-content\/uploads\/2024\/10\/Ein-Guanaco-steht-auf-einem-Huegel-mit-Blick-auf-einen-See-und-schneebedeckte-Berge.jpg?resize=350%2C200&ssl=1 1x, https:\/\/i0.wp.com\/roadtales.de\/wp-content\/uploads\/2024\/10\/Ein-Guanaco-steht-auf-einem-Huegel-mit-Blick-auf-einen-See-und-schneebedeckte-Berge.jpg?resize=525%2C300&ssl=1 1.5x, https:\/\/i0.wp.com\/roadtales.de\/wp-content\/uploads\/2024\/10\/Ein-Guanaco-steht-auf-einem-Huegel-mit-Blick-auf-einen-See-und-schneebedeckte-Berge.jpg?resize=700%2C400&ssl=1 2x, https:\/\/i0.wp.com\/roadtales.de\/wp-content\/uploads\/2024\/10\/Ein-Guanaco-steht-auf-einem-Huegel-mit-Blick-auf-einen-See-und-schneebedeckte-Berge.jpg?resize=1050%2C600&ssl=1 3x"},"classes":[]},{"id":2443,"url":"https:\/\/roadtales.de\/en\/nationalpark-patagonien-lagunas-altas-wanderung","url_meta":{"origin":3798,"position":2},"title":"Hiking in Patagonia National Park \u2013 Lagunas Altas Trail","author":"Sarah","date":"10\/01\/2024","format":false,"excerpt":"Es f\u00fchlt sich beinahe an wie eine andere Welt, als wir rechts auf die X-83 abbiegen - die Stra\u00dfe, die durch den Nationalpark Patagonien bis zur argentinischen Grenze f\u00fchrt. Die Abwesenheit der sonst pr\u00e4senten kilometerlangen Z\u00e4une wird uns bereits in den ersten Metern bewusst. Ein Gef\u00fchl von Freiheit, und Zufriedenheit\u2026","rel":"","context":"In &quot;Chile&quot;","block_context":{"text":"Chile","link":"https:\/\/roadtales.de\/en\/category\/reiseziele\/suedamerika\/chile"},"img":{"alt_text":"Lagunas Altas Abstieg","src":"https:\/\/i0.wp.com\/roadtales.de\/wp-content\/uploads\/2024\/01\/Lagunas-Altas-Abstieg.jpg?resize=350%2C200&ssl=1","width":350,"height":200,"srcset":"https:\/\/i0.wp.com\/roadtales.de\/wp-content\/uploads\/2024\/01\/Lagunas-Altas-Abstieg.jpg?resize=350%2C200&ssl=1 1x, https:\/\/i0.wp.com\/roadtales.de\/wp-content\/uploads\/2024\/01\/Lagunas-Altas-Abstieg.jpg?resize=525%2C300&ssl=1 1.5x, https:\/\/i0.wp.com\/roadtales.de\/wp-content\/uploads\/2024\/01\/Lagunas-Altas-Abstieg.jpg?resize=700%2C400&ssl=1 2x, https:\/\/i0.wp.com\/roadtales.de\/wp-content\/uploads\/2024\/01\/Lagunas-Altas-Abstieg.jpg?resize=1050%2C600&ssl=1 3x"},"classes":[]},{"id":3765,"url":"https:\/\/roadtales.de\/en\/torres-del-paine","url_meta":{"origin":3798,"position":3},"title":"Torres del Paine National Park: Hikes, Tips &amp; Our Honest Experience","author":"Sarah","date":"27\/08\/2025","format":false,"excerpt":"Der Torres del Paine Nationalpark liegt im S\u00fcden Chiles in Patagonien und z\u00e4hlt zu den bekanntesten Reisezielen S\u00fcdamerikas. Seit 1978 ist er UNESCO-Biosph\u00e4renreservat und gilt mit seinen schroffen Granitt\u00fcrmen, Gletschern, t\u00fcrkisfarbenen Seen und Steppe-Landschaften als Sinnbild der wilden Natur Patagoniens. Wer den Park besucht, versteht schnell, warum er zu den\u2026","rel":"","context":"In &quot;Chile&quot;","block_context":{"text":"Chile","link":"https:\/\/roadtales.de\/en\/category\/reiseziele\/suedamerika\/chile"},"img":{"alt_text":"Zwei wanderer an der mirador base las torres im torres del paine nationalpark","src":"https:\/\/i0.wp.com\/roadtales.de\/wp-content\/uploads\/2025\/08\/Zwei-Wanderer-an-der-Mirador-Base-las-Torres-im-Torres-del-Paine-Nationalpark.jpg?resize=350%2C200&ssl=1","width":350,"height":200,"srcset":"https:\/\/i0.wp.com\/roadtales.de\/wp-content\/uploads\/2025\/08\/Zwei-Wanderer-an-der-Mirador-Base-las-Torres-im-Torres-del-Paine-Nationalpark.jpg?resize=350%2C200&ssl=1 1x, https:\/\/i0.wp.com\/roadtales.de\/wp-content\/uploads\/2025\/08\/Zwei-Wanderer-an-der-Mirador-Base-las-Torres-im-Torres-del-Paine-Nationalpark.jpg?resize=525%2C300&ssl=1 1.5x, https:\/\/i0.wp.com\/roadtales.de\/wp-content\/uploads\/2025\/08\/Zwei-Wanderer-an-der-Mirador-Base-las-Torres-im-Torres-del-Paine-Nationalpark.jpg?resize=700%2C400&ssl=1 2x, https:\/\/i0.wp.com\/roadtales.de\/wp-content\/uploads\/2025\/08\/Zwei-Wanderer-an-der-Mirador-Base-las-Torres-im-Torres-del-Paine-Nationalpark.jpg?resize=1050%2C600&ssl=1 3x"},"classes":[]},{"id":3317,"url":"https:\/\/roadtales.de\/en\/reiseziele-chile","url_meta":{"origin":3798,"position":4},"title":"The most beautiful travel destinations in Chile: From Patagonia to Chile's hidden gems","author":"Sarah","date":"22\/02\/2025","format":false,"excerpt":"Chile hat uns mit seiner beeindruckenden Landschaft, der kulturellen Vielfalt und der Herzlichkeit der Menschen verzaubert. Unsere Reise f\u00fchrte uns mehrere Wochen durch die wilden Weiten Patagoniens, entlang der Fernstra\u00dfe Carretera Austral, in die pulsierende Hauptstadt Santiago und \u00fcber die trockenen Ebenen der Atacama W\u00fcste. Das l\u00e4ngste Land der Erde\u2026","rel":"","context":"In &quot;Chile&quot;","block_context":{"text":"Chile","link":"https:\/\/roadtales.de\/en\/category\/reiseziele\/suedamerika\/chile"},"img":{"alt_text":"Eine Frau Und Ein Mann Lehnen Sich Froehlich Aus Einem Puch Gelaendewagen, Im Hintergrund Ein Fluss Und Wald ","src":"https:\/\/i0.wp.com\/roadtales.de\/wp-content\/uploads\/2025\/02\/Eine-Frau-und-ein-Mann-lehnen-sich-froehlich-aus-einem-Puch-Gelaendewagen-im-Hintergrund-ein-Fluss-und-Wald-.jpg?resize=350%2C200&ssl=1","width":350,"height":200,"srcset":"https:\/\/i0.wp.com\/roadtales.de\/wp-content\/uploads\/2025\/02\/Eine-Frau-und-ein-Mann-lehnen-sich-froehlich-aus-einem-Puch-Gelaendewagen-im-Hintergrund-ein-Fluss-und-Wald-.jpg?resize=350%2C200&ssl=1 1x, https:\/\/i0.wp.com\/roadtales.de\/wp-content\/uploads\/2025\/02\/Eine-Frau-und-ein-Mann-lehnen-sich-froehlich-aus-einem-Puch-Gelaendewagen-im-Hintergrund-ein-Fluss-und-Wald-.jpg?resize=525%2C300&ssl=1 1.5x, https:\/\/i0.wp.com\/roadtales.de\/wp-content\/uploads\/2025\/02\/Eine-Frau-und-ein-Mann-lehnen-sich-froehlich-aus-einem-Puch-Gelaendewagen-im-Hintergrund-ein-Fluss-und-Wald-.jpg?resize=700%2C400&ssl=1 2x, https:\/\/i0.wp.com\/roadtales.de\/wp-content\/uploads\/2025\/02\/Eine-Frau-und-ein-Mann-lehnen-sich-froehlich-aus-einem-Puch-Gelaendewagen-im-Hintergrund-ein-Fluss-und-Wald-.jpg?resize=1050%2C600&ssl=1 3x"},"classes":[]},{"id":3839,"url":"https:\/\/roadtales.de\/en\/reisewissen-patagonien","url_meta":{"origin":3798,"position":5},"title":"8 Things We Didn't Know Before Our Patagonia Road Trip","author":"Sarah","date":"10\/01\/2026","format":false,"excerpt":"Patagonien, das klingt nach Abenteuer, nach Freiheit und nach spektakul\u00e4rer Natur. Eine Region, die schon immer irgendwie Fernweh in mir ausgel\u00f6st hat. Weite Landschaften, schneebedeckte Gipfel, t\u00fcrkisblaues Wasser, Kondore und Guanacos - so habe ich mir Patagonien vorgestellt.\u00a0Ganz falsch ist das auch nicht, dennoch gab es einiges, was uns w\u00e4hrend\u2026","rel":"","context":"In &quot;Reiseplanung&quot;","block_context":{"text":"Reiseplanung","link":"https:\/\/roadtales.de\/en\/category\/reiseplanung"},"img":{"alt_text":"EIn Puch Camper beim Wildcampen in Patagonien, eine Frau schaut aus dem Fenster","src":"https:\/\/i0.wp.com\/roadtales.de\/wp-content\/uploads\/2025\/11\/EIn-Puch-Camper-beim-Wildcampen-in-Patagonien-eine-Frau-schaut-aus-dem-Fenster.jpg?resize=350%2C200&ssl=1","width":350,"height":200,"srcset":"https:\/\/i0.wp.com\/roadtales.de\/wp-content\/uploads\/2025\/11\/EIn-Puch-Camper-beim-Wildcampen-in-Patagonien-eine-Frau-schaut-aus-dem-Fenster.jpg?resize=350%2C200&ssl=1 1x, https:\/\/i0.wp.com\/roadtales.de\/wp-content\/uploads\/2025\/11\/EIn-Puch-Camper-beim-Wildcampen-in-Patagonien-eine-Frau-schaut-aus-dem-Fenster.jpg?resize=525%2C300&ssl=1 1.5x, https:\/\/i0.wp.com\/roadtales.de\/wp-content\/uploads\/2025\/11\/EIn-Puch-Camper-beim-Wildcampen-in-Patagonien-eine-Frau-schaut-aus-dem-Fenster.jpg?resize=700%2C400&ssl=1 2x, https:\/\/i0.wp.com\/roadtales.de\/wp-content\/uploads\/2025\/11\/EIn-Puch-Camper-beim-Wildcampen-in-Patagonien-eine-Frau-schaut-aus-dem-Fenster.jpg?resize=1050%2C600&ssl=1 3x"},"classes":[]}],"_links":{"self":[{"href":"https:\/\/roadtales.de\/en\/wp-json\/wp\/v2\/posts\/3798","targetHints":{"allow":["GET"]}}],"collection":[{"href":"https:\/\/roadtales.de\/en\/wp-json\/wp\/v2\/posts"}],"about":[{"href":"https:\/\/roadtales.de\/en\/wp-json\/wp\/v2\/types\/post"}],"author":[{"embeddable":true,"href":"https:\/\/roadtales.de\/en\/wp-json\/wp\/v2\/users\/1"}],"replies":[{"embeddable":true,"href":"https:\/\/roadtales.de\/en\/wp-json\/wp\/v2\/comments?post=3798"}],"version-history":[{"count":20,"href":"https:\/\/roadtales.de\/en\/wp-json\/wp\/v2\/posts\/3798\/revisions"}],"predecessor-version":[{"id":4016,"href":"https:\/\/roadtales.de\/en\/wp-json\/wp\/v2\/posts\/3798\/revisions\/4016"}],"wp:featuredmedia":[{"embeddable":true,"href":"https:\/\/roadtales.de\/en\/wp-json\/wp\/v2\/media\/3822"}],"wp:attachment":[{"href":"https:\/\/roadtales.de\/en\/wp-json\/wp\/v2\/media?parent=3798"}],"wp:term":[{"taxonomy":"category","embeddable":true,"href":"https:\/\/roadtales.de\/en\/wp-json\/wp\/v2\/categories?post=3798"},{"taxonomy":"post_tag","embeddable":true,"href":"https:\/\/roadtales.de\/en\/wp-json\/wp\/v2\/tags?post=3798"}],"curies":[{"name":"wp","href":"https:\/\/api.w.org\/{rel}","templated":true}]}}